{"id":9984,"date":"2025-06-24T11:27:22","date_gmt":"2025-06-24T11:27:22","guid":{"rendered":"https:\/\/www.stjarnkliniken.com\/stockholm-solna\/?p=9984"},"modified":"2025-06-24T11:27:24","modified_gmt":"2025-06-24T11:27:24","slug":"oskar-tillbaka-i-solna","status":"publish","type":"post","link":"https:\/\/www.stjarnkliniken.com\/stockholm-solna\/blogg\/oskar-tillbaka-i-solna\/","title":{"rendered":"Oskar tillbaka i Solna"},"content":{"rendered":"\n<p>Vi \u00e4r glada att meddela att Oskar Karlsson \u00e4r tillbaka p\u00e5 Stj\u00e4rnkliniken i Solna efter ett \u00e5rs tj\u00e4nstledighet!<\/p>\n\n\n\n<p>Oskar \u00e4r en uppskattad naprapat med bred erfarenhet och ett stort engagemang f\u00f6r att hj\u00e4lpa dig till en b\u00e4ttre h\u00e4lsa och \u00f6kad livskvalitet. Nu har du chansen att boka tid hos honom till ett rabatterat pris \u2013 lediga tider finns redan nu!<\/p>\n\n\n\n<div class=\"wp-block-buttons is-layout-flex wp-block-buttons-is-layout-flex\">\n<div class=\"wp-block-button wp-block-button\"><a class=\"wp-block-button__link wp-element-button\" href=\"https:\/\/g.stjarnkliniken.com\/boka\/stockholm-solna?step=2\">Boka tid h\u00e4r<\/a><\/div>\n<\/div>\n\n\n\n<p><\/p>\n","protected":false},"excerpt":{"rendered":"<p>Vi \u00e4r glada att meddela att Oskar Karlsson \u00e4r tillbaka p\u00e5 Stj\u00e4rnkliniken i Solna efter ett \u00e5rs tj\u00e4nstledighet!. Oskar \u00e4r en uppskattad naprapat med bred erfarenhet och ett stort engagemang f\u00f6r att hj\u00e4lpa dig till en b\u00e4ttre h\u00e4lsa och \u00f6kad&hellip;<\/p>\n","protected":false},"author":42,"featured_media":9985,"comment_status":"closed","ping_status":"closed","sticky":false,"template":"","format":"standard","meta":{"_acf_changed":false,"mc4wp_mailchimp_campaign":[],"footnotes":""},"categories":[1],"tags":[],"class_list":["post-9984","post","type-post","status-publish","format-standard","has-post-thumbnail","hentry","category-nyheter"],"acf":[],"yoast_head":"<!-- This site is optimized with the Yoast SEO Premium plugin v22.6 (Yoast SEO v22.6) - https:\/\/yoast.com\/wordpress\/plugins\/seo\/ -->\n<title>Oskar tillbaka i Solna - Stockholm Solna<\/title>\n<meta name=\"robots\" content=\"index, follow, max-snippet:-1, max-image-preview:large, max-video-preview:-1\" \/>\n<link rel=\"canonical\" href=\"https:\/\/www.stjarnkliniken.com\/stockholm-solna\/blogg\/oskar-tillbaka-i-solna\/\" \/>\n<meta property=\"og:locale\" content=\"sv_SE\" \/>\n<meta property=\"og:type\" content=\"article\" \/>\n<meta property=\"og:title\" content=\"Oskar tillbaka i Solna\" \/>\n<meta property=\"og:description\" content=\"Vi \u00e4r glada att meddela att Oskar Karlsson \u00e4r tillbaka p\u00e5 Stj\u00e4rnkliniken i Solna efter ett \u00e5rs tj\u00e4nstledighet!. Oskar \u00e4r en uppskattad naprapat med bred erfarenhet och ett stort engagemang f\u00f6r att hj\u00e4lpa dig till en b\u00e4ttre h\u00e4lsa och \u00f6kad&hellip;\" \/>\n<meta property=\"og:url\" content=\"https:\/\/www.stjarnkliniken.com\/stockholm-solna\/blogg\/oskar-tillbaka-i-solna\/\" \/>\n<meta property=\"og:site_name\" content=\"Stockholm Solna\" \/>\n<meta property=\"article:published_time\" content=\"2025-06-24T11:27:22+00:00\" \/>\n<meta property=\"article:modified_time\" content=\"2025-06-24T11:27:24+00:00\" \/>\n<meta property=\"og:image\" content=\"https:\/\/www.stjarnkliniken.com\/stockholm-solna\/wp-content\/uploads\/sites\/5\/2025\/06\/Oskar-nyhet-hemsidan-1100x630.jpg\" \/>\n\t<meta property=\"og:image:width\" content=\"1100\" \/>\n\t<meta property=\"og:image:height\" content=\"630\" \/>\n\t<meta property=\"og:image:type\" content=\"image\/jpeg\" \/>\n<meta name=\"author\" content=\"Joakim Lindgren\" \/>\n<meta name=\"twitter:card\" content=\"summary_large_image\" \/>\n<meta name=\"twitter:label1\" content=\"Skriven av\" \/>\n\t<meta name=\"twitter:data1\" content=\"Joakim Lindgren\" \/>\n\t<meta name=\"twitter:label2\" content=\"Ber\u00e4knad l\u00e4stid\" \/>\n\t<meta name=\"twitter:data2\" content=\"1 minut\" \/>\n<script type=\"application\/ld+json\" class=\"yoast-schema-graph\">{\"@context\":\"https:\/\/schema.org\",\"@graph\":[{\"@type\":\"WebPage\",\"@id\":\"https:\/\/www.stjarnkliniken.com\/stockholm-solna\/blogg\/oskar-tillbaka-i-solna\/\",\"url\":\"https:\/\/www.stjarnkliniken.com\/stockholm-solna\/blogg\/oskar-tillbaka-i-solna\/\",\"name\":\"Oskar tillbaka i Solna - Stockholm Solna\",\"isPartOf\":{\"@id\":\"https:\/\/www.stjarnkliniken.com\/stockholm-solna\/#website\"},\"primaryImageOfPage\":{\"@id\":\"https:\/\/www.stjarnkliniken.com\/stockholm-solna\/blogg\/oskar-tillbaka-i-solna\/#primaryimage\"},\"image\":{\"@id\":\"https:\/\/www.stjarnkliniken.com\/stockholm-solna\/blogg\/oskar-tillbaka-i-solna\/#primaryimage\"},\"thumbnailUrl\":\"https:\/\/www.stjarnkliniken.com\/stockholm-solna\/wp-content\/uploads\/sites\/5\/2025\/06\/Oskar-nyhet-hemsidan.jpg\",\"datePublished\":\"2025-06-24T11:27:22+00:00\",\"dateModified\":\"2025-06-24T11:27:24+00:00\",\"author\":{\"@id\":\"https:\/\/www.stjarnkliniken.com\/stockholm-solna\/#\/schema\/person\/8561ed97def907d912837cbe5bb2273f\"},\"breadcrumb\":{\"@id\":\"https:\/\/www.stjarnkliniken.com\/stockholm-solna\/blogg\/oskar-tillbaka-i-solna\/#breadcrumb\"},\"inLanguage\":\"sv-SE\",\"potentialAction\":[{\"@type\":\"ReadAction\",\"target\":[\"https:\/\/www.stjarnkliniken.com\/stockholm-solna\/blogg\/oskar-tillbaka-i-solna\/\"]}]},{\"@type\":\"ImageObject\",\"inLanguage\":\"sv-SE\",\"@id\":\"https:\/\/www.stjarnkliniken.com\/stockholm-solna\/blogg\/oskar-tillbaka-i-solna\/#primaryimage\",\"url\":\"https:\/\/www.stjarnkliniken.com\/stockholm-solna\/wp-content\/uploads\/sites\/5\/2025\/06\/Oskar-nyhet-hemsidan.jpg\",\"contentUrl\":\"https:\/\/www.stjarnkliniken.com\/stockholm-solna\/wp-content\/uploads\/sites\/5\/2025\/06\/Oskar-nyhet-hemsidan.jpg\",\"width\":1100,\"height\":733},{\"@type\":\"BreadcrumbList\",\"@id\":\"https:\/\/www.stjarnkliniken.com\/stockholm-solna\/blogg\/oskar-tillbaka-i-solna\/#breadcrumb\",\"itemListElement\":[{\"@type\":\"ListItem\",\"position\":1,\"name\":\"Hem\",\"item\":\"https:\/\/www.stjarnkliniken.com\/stockholm-solna\/\"},{\"@type\":\"ListItem\",\"position\":2,\"name\":\"Oskar tillbaka i Solna\"}]},{\"@type\":\"WebSite\",\"@id\":\"https:\/\/www.stjarnkliniken.com\/stockholm-solna\/#website\",\"url\":\"https:\/\/www.stjarnkliniken.com\/stockholm-solna\/\",\"name\":\"Stockholm Solna\",\"description\":\"Stj\u00e4rnkliniken: Naprapati &amp; massage - ingen v\u00e4ntetid, ingen remiss!\",\"potentialAction\":[{\"@type\":\"SearchAction\",\"target\":{\"@type\":\"EntryPoint\",\"urlTemplate\":\"https:\/\/www.stjarnkliniken.com\/stockholm-solna\/?s={search_term_string}\"},\"query-input\":\"required name=search_term_string\"}],\"inLanguage\":\"sv-SE\"},{\"@type\":\"Person\",\"@id\":\"https:\/\/www.stjarnkliniken.com\/stockholm-solna\/#\/schema\/person\/8561ed97def907d912837cbe5bb2273f\",\"name\":\"Joakim Lindgren\",\"image\":{\"@type\":\"ImageObject\",\"inLanguage\":\"sv-SE\",\"@id\":\"https:\/\/www.stjarnkliniken.com\/stockholm-solna\/#\/schema\/person\/image\/\",\"url\":\"https:\/\/secure.gravatar.com\/avatar\/e455d188e4eb406967cbf076ab22fa23fcf01411580c6c25ab6e9c829b7108ef?s=96&d=mm&r=g\",\"contentUrl\":\"https:\/\/secure.gravatar.com\/avatar\/e455d188e4eb406967cbf076ab22fa23fcf01411580c6c25ab6e9c829b7108ef?s=96&d=mm&r=g\",\"caption\":\"Joakim Lindgren\"},\"url\":\"https:\/\/www.stjarnkliniken.com\/stockholm-solna\/blogg\/author\/joakimlindgren\/\"}]}<\/script>\n<!-- \/ Yoast SEO Premium plugin. -->","yoast_head_json":{"title":"Oskar tillbaka i Solna - Stockholm Solna","robots":{"index":"index","follow":"follow","max-snippet":"max-snippet:-1","max-image-preview":"max-image-preview:large","max-video-preview":"max-video-preview:-1"},"canonical":"https:\/\/www.stjarnkliniken.com\/stockholm-solna\/blogg\/oskar-tillbaka-i-solna\/","og_locale":"sv_SE","og_type":"article","og_title":"Oskar tillbaka i Solna","og_description":"Vi \u00e4r glada att meddela att Oskar Karlsson \u00e4r tillbaka p\u00e5 Stj\u00e4rnkliniken i Solna efter ett \u00e5rs tj\u00e4nstledighet!. Oskar \u00e4r en uppskattad naprapat med bred erfarenhet och ett stort engagemang f\u00f6r att hj\u00e4lpa dig till en b\u00e4ttre h\u00e4lsa och \u00f6kad&hellip;","og_url":"https:\/\/www.stjarnkliniken.com\/stockholm-solna\/blogg\/oskar-tillbaka-i-solna\/","og_site_name":"Stockholm Solna","article_published_time":"2025-06-24T11:27:22+00:00","article_modified_time":"2025-06-24T11:27:24+00:00","og_image":[{"width":1100,"height":630,"url":"https:\/\/www.stjarnkliniken.com\/stockholm-solna\/wp-content\/uploads\/sites\/5\/2025\/06\/Oskar-nyhet-hemsidan-1100x630.jpg","type":"image\/jpeg"}],"author":"Joakim Lindgren","twitter_card":"summary_large_image","twitter_misc":{"Skriven av":"Joakim Lindgren","Ber\u00e4knad l\u00e4stid":"1 minut"},"schema":{"@context":"https:\/\/schema.org","@graph":[{"@type":"WebPage","@id":"https:\/\/www.stjarnkliniken.com\/stockholm-solna\/blogg\/oskar-tillbaka-i-solna\/","url":"https:\/\/www.stjarnkliniken.com\/stockholm-solna\/blogg\/oskar-tillbaka-i-solna\/","name":"Oskar tillbaka i Solna - Stockholm Solna","isPartOf":{"@id":"https:\/\/www.stjarnkliniken.com\/stockholm-solna\/#website"},"primaryImageOfPage":{"@id":"https:\/\/www.stjarnkliniken.com\/stockholm-solna\/blogg\/oskar-tillbaka-i-solna\/#primaryimage"},"image":{"@id":"https:\/\/www.stjarnkliniken.com\/stockholm-solna\/blogg\/oskar-tillbaka-i-solna\/#primaryimage"},"thumbnailUrl":"https:\/\/www.stjarnkliniken.com\/stockholm-solna\/wp-content\/uploads\/sites\/5\/2025\/06\/Oskar-nyhet-hemsidan.jpg","datePublished":"2025-06-24T11:27:22+00:00","dateModified":"2025-06-24T11:27:24+00:00","author":{"@id":"https:\/\/www.stjarnkliniken.com\/stockholm-solna\/#\/schema\/person\/8561ed97def907d912837cbe5bb2273f"},"breadcrumb":{"@id":"https:\/\/www.stjarnkliniken.com\/stockholm-solna\/blogg\/oskar-tillbaka-i-solna\/#breadcrumb"},"inLanguage":"sv-SE","potentialAction":[{"@type":"ReadAction","target":["https:\/\/www.stjarnkliniken.com\/stockholm-solna\/blogg\/oskar-tillbaka-i-solna\/"]}]},{"@type":"ImageObject","inLanguage":"sv-SE","@id":"https:\/\/www.stjarnkliniken.com\/stockholm-solna\/blogg\/oskar-tillbaka-i-solna\/#primaryimage","url":"https:\/\/www.stjarnkliniken.com\/stockholm-solna\/wp-content\/uploads\/sites\/5\/2025\/06\/Oskar-nyhet-hemsidan.jpg","contentUrl":"https:\/\/www.stjarnkliniken.com\/stockholm-solna\/wp-content\/uploads\/sites\/5\/2025\/06\/Oskar-nyhet-hemsidan.jpg","width":1100,"height":733},{"@type":"BreadcrumbList","@id":"https:\/\/www.stjarnkliniken.com\/stockholm-solna\/blogg\/oskar-tillbaka-i-solna\/#breadcrumb","itemListElement":[{"@type":"ListItem","position":1,"name":"Hem","item":"https:\/\/www.stjarnkliniken.com\/stockholm-solna\/"},{"@type":"ListItem","position":2,"name":"Oskar tillbaka i Solna"}]},{"@type":"WebSite","@id":"https:\/\/www.stjarnkliniken.com\/stockholm-solna\/#website","url":"https:\/\/www.stjarnkliniken.com\/stockholm-solna\/","name":"Stockholm Solna","description":"Stj\u00e4rnkliniken: Naprapati &amp; massage - ingen v\u00e4ntetid, ingen remiss!","potentialAction":[{"@type":"SearchAction","target":{"@type":"EntryPoint","urlTemplate":"https:\/\/www.stjarnkliniken.com\/stockholm-solna\/?s={search_term_string}"},"query-input":"required name=search_term_string"}],"inLanguage":"sv-SE"},{"@type":"Person","@id":"https:\/\/www.stjarnkliniken.com\/stockholm-solna\/#\/schema\/person\/8561ed97def907d912837cbe5bb2273f","name":"Joakim Lindgren","image":{"@type":"ImageObject","inLanguage":"sv-SE","@id":"https:\/\/www.stjarnkliniken.com\/stockholm-solna\/#\/schema\/person\/image\/","url":"https:\/\/secure.gravatar.com\/avatar\/e455d188e4eb406967cbf076ab22fa23fcf01411580c6c25ab6e9c829b7108ef?s=96&d=mm&r=g","contentUrl":"https:\/\/secure.gravatar.com\/avatar\/e455d188e4eb406967cbf076ab22fa23fcf01411580c6c25ab6e9c829b7108ef?s=96&d=mm&r=g","caption":"Joakim Lindgren"},"url":"https:\/\/www.stjarnkliniken.com\/stockholm-solna\/blogg\/author\/joakimlindgren\/"}]}},"_links":{"self":[{"href":"https:\/\/www.stjarnkliniken.com\/stockholm-solna\/wp-json\/wp\/v2\/posts\/9984","targetHints":{"allow":["GET"]}}],"collection":[{"href":"https:\/\/www.stjarnkliniken.com\/stockholm-solna\/wp-json\/wp\/v2\/posts"}],"about":[{"href":"https:\/\/www.stjarnkliniken.com\/stockholm-solna\/wp-json\/wp\/v2\/types\/post"}],"author":[{"embeddable":true,"href":"https:\/\/www.stjarnkliniken.com\/stockholm-solna\/wp-json\/wp\/v2\/users\/42"}],"replies":[{"embeddable":true,"href":"https:\/\/www.stjarnkliniken.com\/stockholm-solna\/wp-json\/wp\/v2\/comments?post=9984"}],"version-history":[{"count":1,"href":"https:\/\/www.stjarnkliniken.com\/stockholm-solna\/wp-json\/wp\/v2\/posts\/9984\/revisions"}],"predecessor-version":[{"id":9986,"href":"https:\/\/www.stjarnkliniken.com\/stockholm-solna\/wp-json\/wp\/v2\/posts\/9984\/revisions\/9986"}],"wp:featuredmedia":[{"embeddable":true,"href":"https:\/\/www.stjarnkliniken.com\/stockholm-solna\/wp-json\/wp\/v2\/media\/9985"}],"wp:attachment":[{"href":"https:\/\/www.stjarnkliniken.com\/stockholm-solna\/wp-json\/wp\/v2\/media?parent=9984"}],"wp:term":[{"taxonomy":"category","embeddable":true,"href":"https:\/\/www.stjarnkliniken.com\/stockholm-solna\/wp-json\/wp\/v2\/categories?post=9984"},{"taxonomy":"post_tag","embeddable":true,"href":"https:\/\/www.stjarnkliniken.com\/stockholm-solna\/wp-json\/wp\/v2\/tags?post=9984"}],"curies":[{"name":"wp","href":"https:\/\/api.w.org\/{rel}","templated":true}]}}