{"id":9950,"date":"2025-01-27T14:26:55","date_gmt":"2025-01-27T14:26:55","guid":{"rendered":"https:\/\/www.stjarnkliniken.com\/stockholm-solna\/blogg\/terminsstart-for-medicinsk-yoga\/"},"modified":"2025-01-27T14:26:52","modified_gmt":"2025-01-27T14:26:52","slug":"terminsstart-for-medicinsk-yoga","status":"publish","type":"post","link":"https:\/\/www.stjarnkliniken.com\/stockholm-solna\/blogg\/terminsstart-for-medicinsk-yoga\/","title":{"rendered":"Terminsstart f\u00f6r Medicinsk yoga"},"content":{"rendered":"\n<p>\u00c4ntligen \u00e4r v\u00e5r popul\u00e4ra kurs i Medicinsk yoga tillbaka!<\/p>\n\n\n\n<p>Medicinsk yoga \u00e4r en effektiv och skonsam tr\u00e4ningsform som kombinerar traditionella yogapositioner med insikter fr\u00e5n modern forskning. Metoden anv\u00e4nds f\u00f6r att fr\u00e4mja b\u00e5de fysisk och mental h\u00e4lsa och har visat sig vara ett&nbsp;&nbsp;kraftfullt verktyg f\u00f6r \u00f6kad \u00e5terh\u00e4mtning, r\u00f6rlighet och v\u00e4lm\u00e5ende.&nbsp;&nbsp;<\/p>\n\n\n\n<p>Genom att regelbundet ut\u00f6va medicinsk yoga kan du bland annat minska stress, f\u00f6rb\u00e4ttra din s\u00f6mn, \u00f6ka din r\u00f6rlighet och minska sp\u00e4nningar i leder och muskler. Dessutom st\u00e4rker det ditt mentala fokus och skapar balans i b\u00e5de k\u00e4nslor och tankar f\u00f6r en mer harmonisk vardag.<\/p>\n\n\n\n<p><strong>Kursinformation:<\/strong><\/p>\n\n\n\n<p><strong>&#8211; Start:<\/strong> 25 februari 2025<\/p>\n\n\n\n<p><strong>&#8211; N\u00e4r:<\/strong> Tisdagar kl. 19:30\u201320:30.&nbsp;&nbsp;<\/p>\n\n\n\n<p><strong>&#8211; Plats:<\/strong> I din mobil, platta eller dator; d\u00e4r internet finns.&nbsp;&nbsp;<\/p>\n\n\n\n<p><strong>&#8211; Pris:<\/strong> 1995 kr. Boka senast 11 februari f\u00f6r ett rabatterat pris p\u00e5 1595 kr.&nbsp;&nbsp;<\/p>\n\n\n\n<p><strong>&#8211; Friskv\u00e5rdsber\u00e4ttigande:<\/strong> Ja<\/p>\n\n\n\n<p><strong>&#8211; Prova p\u00e5 pass:<\/strong> Kostnadsfritt! Tisdagen 18 februari kl. 19:30.&nbsp;<\/p>\n\n\n\n<p>Anm\u00e4lan sker till&nbsp;<a href=\"mailto:carina@stjarnkliniken.com\">carina@stjarnkliniken.com<\/a><\/p>\n\n\n\n<p><\/p>\n\n\n\n<p>V\u00e4lkommen att ge din kropp och ditt sinne de b\u00e4sta f\u00f6ruts\u00e4ttningarna f\u00f6r h\u00e4lsa och balans. Anm\u00e4l dig redan idag!<\/p>\n","protected":false},"excerpt":{"rendered":"<p>\u00c4ntligen \u00e4r v\u00e5r popul\u00e4ra kurs i Medicinsk yoga tillbaka!. Medicinsk yoga \u00e4r en effektiv och skonsam tr\u00e4ningsform som kombinerar traditionella yogapositioner med insikter fr\u00e5n modern forskning<\/p>\n","protected":false},"author":42,"featured_media":9686,"comment_status":"closed","ping_status":"closed","sticky":false,"template":"","format":"standard","meta":{"_acf_changed":false,"mc4wp_mailchimp_campaign":[],"footnotes":""},"categories":[1],"tags":[],"class_list":["post-9950","post","type-post","status-publish","format-standard","has-post-thumbnail","hentry","category-nyheter"],"acf":[],"yoast_head":"<!-- This site is optimized with the Yoast SEO Premium plugin v22.6 (Yoast SEO v22.6) - https:\/\/yoast.com\/wordpress\/plugins\/seo\/ -->\n<title>Terminsstart f\u00f6r Medicinsk yoga - Stockholm Solna<\/title>\n<meta name=\"robots\" content=\"index, follow, max-snippet:-1, max-image-preview:large, max-video-preview:-1\" \/>\n<link rel=\"canonical\" href=\"https:\/\/www.stjarnkliniken.com\/stockholm-solna\/blogg\/terminsstart-for-medicinsk-yoga\/\" \/>\n<meta property=\"og:locale\" content=\"sv_SE\" \/>\n<meta property=\"og:type\" content=\"article\" \/>\n<meta property=\"og:title\" content=\"Terminsstart f\u00f6r Medicinsk yoga\" \/>\n<meta property=\"og:description\" content=\"\u00c4ntligen \u00e4r v\u00e5r popul\u00e4ra kurs i Medicinsk yoga tillbaka!. Medicinsk yoga \u00e4r en effektiv och skonsam tr\u00e4ningsform som kombinerar traditionella yogapositioner med insikter fr\u00e5n modern forskning\" \/>\n<meta property=\"og:url\" content=\"https:\/\/www.stjarnkliniken.com\/stockholm-solna\/blogg\/terminsstart-for-medicinsk-yoga\/\" \/>\n<meta property=\"og:site_name\" content=\"Stockholm Solna\" \/>\n<meta property=\"article:published_time\" content=\"2025-01-27T14:26:55+00:00\" \/>\n<meta property=\"article:modified_time\" content=\"2025-01-27T14:26:52+00:00\" \/>\n<meta property=\"og:image\" content=\"https:\/\/www.stjarnkliniken.com\/stockholm-solna\/wp-content\/uploads\/sites\/5\/2024\/03\/carina-medyoga-bild2-kopia.jpg\" \/>\n\t<meta property=\"og:image:width\" content=\"750\" \/>\n\t<meta property=\"og:image:height\" content=\"507\" \/>\n\t<meta property=\"og:image:type\" content=\"image\/jpeg\" \/>\n<meta name=\"author\" content=\"Joakim Lindgren\" \/>\n<meta name=\"twitter:card\" content=\"summary_large_image\" \/>\n<meta name=\"twitter:label1\" content=\"Skriven av\" \/>\n\t<meta name=\"twitter:data1\" content=\"Joakim Lindgren\" \/>\n\t<meta name=\"twitter:label2\" content=\"Ber\u00e4knad l\u00e4stid\" \/>\n\t<meta name=\"twitter:data2\" content=\"1 minut\" \/>\n<script type=\"application\/ld+json\" class=\"yoast-schema-graph\">{\"@context\":\"https:\/\/schema.org\",\"@graph\":[{\"@type\":\"WebPage\",\"@id\":\"https:\/\/www.stjarnkliniken.com\/stockholm-solna\/blogg\/terminsstart-for-medicinsk-yoga\/\",\"url\":\"https:\/\/www.stjarnkliniken.com\/stockholm-solna\/blogg\/terminsstart-for-medicinsk-yoga\/\",\"name\":\"Terminsstart f\u00f6r Medicinsk yoga - Stockholm Solna\",\"isPartOf\":{\"@id\":\"https:\/\/www.stjarnkliniken.com\/stockholm-solna\/#website\"},\"primaryImageOfPage\":{\"@id\":\"https:\/\/www.stjarnkliniken.com\/stockholm-solna\/blogg\/terminsstart-for-medicinsk-yoga\/#primaryimage\"},\"image\":{\"@id\":\"https:\/\/www.stjarnkliniken.com\/stockholm-solna\/blogg\/terminsstart-for-medicinsk-yoga\/#primaryimage\"},\"thumbnailUrl\":\"https:\/\/www.stjarnkliniken.com\/stockholm-solna\/wp-content\/uploads\/sites\/5\/2024\/03\/carina-medyoga-bild2-kopia.jpg\",\"datePublished\":\"2025-01-27T14:26:55+00:00\",\"dateModified\":\"2025-01-27T14:26:52+00:00\",\"author\":{\"@id\":\"https:\/\/www.stjarnkliniken.com\/stockholm-solna\/#\/schema\/person\/8561ed97def907d912837cbe5bb2273f\"},\"breadcrumb\":{\"@id\":\"https:\/\/www.stjarnkliniken.com\/stockholm-solna\/blogg\/terminsstart-for-medicinsk-yoga\/#breadcrumb\"},\"inLanguage\":\"sv-SE\",\"potentialAction\":[{\"@type\":\"ReadAction\",\"target\":[\"https:\/\/www.stjarnkliniken.com\/stockholm-solna\/blogg\/terminsstart-for-medicinsk-yoga\/\"]}]},{\"@type\":\"ImageObject\",\"inLanguage\":\"sv-SE\",\"@id\":\"https:\/\/www.stjarnkliniken.com\/stockholm-solna\/blogg\/terminsstart-for-medicinsk-yoga\/#primaryimage\",\"url\":\"https:\/\/www.stjarnkliniken.com\/stockholm-solna\/wp-content\/uploads\/sites\/5\/2024\/03\/carina-medyoga-bild2-kopia.jpg\",\"contentUrl\":\"https:\/\/www.stjarnkliniken.com\/stockholm-solna\/wp-content\/uploads\/sites\/5\/2024\/03\/carina-medyoga-bild2-kopia.jpg\",\"width\":750,\"height\":507},{\"@type\":\"BreadcrumbList\",\"@id\":\"https:\/\/www.stjarnkliniken.com\/stockholm-solna\/blogg\/terminsstart-for-medicinsk-yoga\/#breadcrumb\",\"itemListElement\":[{\"@type\":\"ListItem\",\"position\":1,\"name\":\"Hem\",\"item\":\"https:\/\/www.stjarnkliniken.com\/stockholm-solna\/\"},{\"@type\":\"ListItem\",\"position\":2,\"name\":\"Terminsstart f\u00f6r Medicinsk yoga\"}]},{\"@type\":\"WebSite\",\"@id\":\"https:\/\/www.stjarnkliniken.com\/stockholm-solna\/#website\",\"url\":\"https:\/\/www.stjarnkliniken.com\/stockholm-solna\/\",\"name\":\"Stockholm Solna\",\"description\":\"Stj\u00e4rnkliniken: Naprapati &amp; massage - ingen v\u00e4ntetid, ingen remiss!\",\"potentialAction\":[{\"@type\":\"SearchAction\",\"target\":{\"@type\":\"EntryPoint\",\"urlTemplate\":\"https:\/\/www.stjarnkliniken.com\/stockholm-solna\/?s={search_term_string}\"},\"query-input\":\"required name=search_term_string\"}],\"inLanguage\":\"sv-SE\"},{\"@type\":\"Person\",\"@id\":\"https:\/\/www.stjarnkliniken.com\/stockholm-solna\/#\/schema\/person\/8561ed97def907d912837cbe5bb2273f\",\"name\":\"Joakim Lindgren\",\"image\":{\"@type\":\"ImageObject\",\"inLanguage\":\"sv-SE\",\"@id\":\"https:\/\/www.stjarnkliniken.com\/stockholm-solna\/#\/schema\/person\/image\/\",\"url\":\"https:\/\/secure.gravatar.com\/avatar\/e455d188e4eb406967cbf076ab22fa23fcf01411580c6c25ab6e9c829b7108ef?s=96&d=mm&r=g\",\"contentUrl\":\"https:\/\/secure.gravatar.com\/avatar\/e455d188e4eb406967cbf076ab22fa23fcf01411580c6c25ab6e9c829b7108ef?s=96&d=mm&r=g\",\"caption\":\"Joakim Lindgren\"},\"url\":\"https:\/\/www.stjarnkliniken.com\/stockholm-solna\/blogg\/author\/joakimlindgren\/\"}]}<\/script>\n<!-- \/ Yoast SEO Premium plugin. -->","yoast_head_json":{"title":"Terminsstart f\u00f6r Medicinsk yoga - Stockholm Solna","robots":{"index":"index","follow":"follow","max-snippet":"max-snippet:-1","max-image-preview":"max-image-preview:large","max-video-preview":"max-video-preview:-1"},"canonical":"https:\/\/www.stjarnkliniken.com\/stockholm-solna\/blogg\/terminsstart-for-medicinsk-yoga\/","og_locale":"sv_SE","og_type":"article","og_title":"Terminsstart f\u00f6r Medicinsk yoga","og_description":"\u00c4ntligen \u00e4r v\u00e5r popul\u00e4ra kurs i Medicinsk yoga tillbaka!. Medicinsk yoga \u00e4r en effektiv och skonsam tr\u00e4ningsform som kombinerar traditionella yogapositioner med insikter fr\u00e5n modern forskning","og_url":"https:\/\/www.stjarnkliniken.com\/stockholm-solna\/blogg\/terminsstart-for-medicinsk-yoga\/","og_site_name":"Stockholm Solna","article_published_time":"2025-01-27T14:26:55+00:00","article_modified_time":"2025-01-27T14:26:52+00:00","og_image":[{"url":"https:\/\/www.stjarnkliniken.com\/stockholm-solna\/wp-content\/uploads\/sites\/5\/2024\/03\/carina-medyoga-bild2-kopia.jpg","width":750,"height":507,"type":"image\/jpeg"}],"author":"Joakim Lindgren","twitter_card":"summary_large_image","twitter_misc":{"Skriven av":"Joakim Lindgren","Ber\u00e4knad l\u00e4stid":"1 minut"},"schema":{"@context":"https:\/\/schema.org","@graph":[{"@type":"WebPage","@id":"https:\/\/www.stjarnkliniken.com\/stockholm-solna\/blogg\/terminsstart-for-medicinsk-yoga\/","url":"https:\/\/www.stjarnkliniken.com\/stockholm-solna\/blogg\/terminsstart-for-medicinsk-yoga\/","name":"Terminsstart f\u00f6r Medicinsk yoga - Stockholm Solna","isPartOf":{"@id":"https:\/\/www.stjarnkliniken.com\/stockholm-solna\/#website"},"primaryImageOfPage":{"@id":"https:\/\/www.stjarnkliniken.com\/stockholm-solna\/blogg\/terminsstart-for-medicinsk-yoga\/#primaryimage"},"image":{"@id":"https:\/\/www.stjarnkliniken.com\/stockholm-solna\/blogg\/terminsstart-for-medicinsk-yoga\/#primaryimage"},"thumbnailUrl":"https:\/\/www.stjarnkliniken.com\/stockholm-solna\/wp-content\/uploads\/sites\/5\/2024\/03\/carina-medyoga-bild2-kopia.jpg","datePublished":"2025-01-27T14:26:55+00:00","dateModified":"2025-01-27T14:26:52+00:00","author":{"@id":"https:\/\/www.stjarnkliniken.com\/stockholm-solna\/#\/schema\/person\/8561ed97def907d912837cbe5bb2273f"},"breadcrumb":{"@id":"https:\/\/www.stjarnkliniken.com\/stockholm-solna\/blogg\/terminsstart-for-medicinsk-yoga\/#breadcrumb"},"inLanguage":"sv-SE","potentialAction":[{"@type":"ReadAction","target":["https:\/\/www.stjarnkliniken.com\/stockholm-solna\/blogg\/terminsstart-for-medicinsk-yoga\/"]}]},{"@type":"ImageObject","inLanguage":"sv-SE","@id":"https:\/\/www.stjarnkliniken.com\/stockholm-solna\/blogg\/terminsstart-for-medicinsk-yoga\/#primaryimage","url":"https:\/\/www.stjarnkliniken.com\/stockholm-solna\/wp-content\/uploads\/sites\/5\/2024\/03\/carina-medyoga-bild2-kopia.jpg","contentUrl":"https:\/\/www.stjarnkliniken.com\/stockholm-solna\/wp-content\/uploads\/sites\/5\/2024\/03\/carina-medyoga-bild2-kopia.jpg","width":750,"height":507},{"@type":"BreadcrumbList","@id":"https:\/\/www.stjarnkliniken.com\/stockholm-solna\/blogg\/terminsstart-for-medicinsk-yoga\/#breadcrumb","itemListElement":[{"@type":"ListItem","position":1,"name":"Hem","item":"https:\/\/www.stjarnkliniken.com\/stockholm-solna\/"},{"@type":"ListItem","position":2,"name":"Terminsstart f\u00f6r Medicinsk yoga"}]},{"@type":"WebSite","@id":"https:\/\/www.stjarnkliniken.com\/stockholm-solna\/#website","url":"https:\/\/www.stjarnkliniken.com\/stockholm-solna\/","name":"Stockholm Solna","description":"Stj\u00e4rnkliniken: Naprapati &amp; massage - ingen v\u00e4ntetid, ingen remiss!","potentialAction":[{"@type":"SearchAction","target":{"@type":"EntryPoint","urlTemplate":"https:\/\/www.stjarnkliniken.com\/stockholm-solna\/?s={search_term_string}"},"query-input":"required name=search_term_string"}],"inLanguage":"sv-SE"},{"@type":"Person","@id":"https:\/\/www.stjarnkliniken.com\/stockholm-solna\/#\/schema\/person\/8561ed97def907d912837cbe5bb2273f","name":"Joakim Lindgren","image":{"@type":"ImageObject","inLanguage":"sv-SE","@id":"https:\/\/www.stjarnkliniken.com\/stockholm-solna\/#\/schema\/person\/image\/","url":"https:\/\/secure.gravatar.com\/avatar\/e455d188e4eb406967cbf076ab22fa23fcf01411580c6c25ab6e9c829b7108ef?s=96&d=mm&r=g","contentUrl":"https:\/\/secure.gravatar.com\/avatar\/e455d188e4eb406967cbf076ab22fa23fcf01411580c6c25ab6e9c829b7108ef?s=96&d=mm&r=g","caption":"Joakim Lindgren"},"url":"https:\/\/www.stjarnkliniken.com\/stockholm-solna\/blogg\/author\/joakimlindgren\/"}]}},"_links":{"self":[{"href":"https:\/\/www.stjarnkliniken.com\/stockholm-solna\/wp-json\/wp\/v2\/posts\/9950","targetHints":{"allow":["GET"]}}],"collection":[{"href":"https:\/\/www.stjarnkliniken.com\/stockholm-solna\/wp-json\/wp\/v2\/posts"}],"about":[{"href":"https:\/\/www.stjarnkliniken.com\/stockholm-solna\/wp-json\/wp\/v2\/types\/post"}],"author":[{"embeddable":true,"href":"https:\/\/www.stjarnkliniken.com\/stockholm-solna\/wp-json\/wp\/v2\/users\/42"}],"replies":[{"embeddable":true,"href":"https:\/\/www.stjarnkliniken.com\/stockholm-solna\/wp-json\/wp\/v2\/comments?post=9950"}],"version-history":[{"count":1,"href":"https:\/\/www.stjarnkliniken.com\/stockholm-solna\/wp-json\/wp\/v2\/posts\/9950\/revisions"}],"predecessor-version":[{"id":9951,"href":"https:\/\/www.stjarnkliniken.com\/stockholm-solna\/wp-json\/wp\/v2\/posts\/9950\/revisions\/9951"}],"wp:featuredmedia":[{"embeddable":true,"href":"https:\/\/www.stjarnkliniken.com\/stockholm-solna\/wp-json\/wp\/v2\/media\/9686"}],"wp:attachment":[{"href":"https:\/\/www.stjarnkliniken.com\/stockholm-solna\/wp-json\/wp\/v2\/media?parent=9950"}],"wp:term":[{"taxonomy":"category","embeddable":true,"href":"https:\/\/www.stjarnkliniken.com\/stockholm-solna\/wp-json\/wp\/v2\/categories?post=9950"},{"taxonomy":"post_tag","embeddable":true,"href":"https:\/\/www.stjarnkliniken.com\/stockholm-solna\/wp-json\/wp\/v2\/tags?post=9950"}],"curies":[{"name":"wp","href":"https:\/\/api.w.org\/{rel}","templated":true}]}}