{"id":9922,"date":"2024-09-30T06:31:24","date_gmt":"2024-09-30T06:31:24","guid":{"rendered":"https:\/\/www.stjarnkliniken.com\/stockholm-solna\/?p=9922"},"modified":"2024-09-30T06:31:26","modified_gmt":"2024-09-30T06:31:26","slug":"vi-flyttar-till-solna-centrum","status":"publish","type":"post","link":"https:\/\/www.stjarnkliniken.com\/stockholm-solna\/blogg\/vi-flyttar-till-solna-centrum\/","title":{"rendered":"Vi flyttar till Solna Centrum"},"content":{"rendered":"\n<p>Vi har l\u00e4mnat lokalerna p\u00e5 R\u00e5sundav\u00e4gen och flyttat till nya i Solna Centrum d\u00e4r du hittar oss fr\u00e5n m\u00e5ndagen den 30 september 2024. V\u00e5r nya adress \u00e4r Bibliotekstorget 8, v\u00e5ning 6, hissar finns.<\/p>\n\n\n\n<p>Den enklaste v\u00e4gen f\u00f6r att hitta till oss \u00e4r att ta entr\u00e9n in till Solna Centrum som heter &#8221;Bibliotekstorget \u00d6stra&#8221;. H\u00e5ll v\u00e4nster n\u00e4r kommit in i centrum s\u00e5 ser du porten till trapphuset strax bredvid Stadsmissionens butik.<\/p>\n\n\n\n<p>Kommer du fr\u00e5n tunnelbanan eller bussarna s\u00e5 g\u00e5r du rakt fram efter att du kommit in i centrum, g\u00e5 sen h\u00f6ger vid Stadium och sen v\u00e4nster vid rulltrappan innan Subway. D\u00e5 ser du skylten med v\u00e5r adress Bibliotekstorget 8.<\/p>\n\n\n\n<p>Ring oss p\u00e5 010-30 30 260 om du beh\u00f6ver hj\u00e4lp att hitta.<\/p>\n\n\n\n<p>V\u00e4lkommen!<\/p>\n","protected":false},"excerpt":{"rendered":"<p>Vi har l\u00e4mnat lokalerna p\u00e5 R\u00e5sundav\u00e4gen och flyttat till nya i Solna Centrum d\u00e4r du hittar oss fr\u00e5n m\u00e5ndagen den 30 september 2024. V\u00e5r nya adress \u00e4r Bibliotekstorget 8 v\u00e5ning 6 hissar finns<\/p>\n","protected":false},"author":42,"featured_media":9923,"comment_status":"closed","ping_status":"closed","sticky":false,"template":"","format":"standard","meta":{"_acf_changed":false,"mc4wp_mailchimp_campaign":[],"footnotes":""},"categories":[1],"tags":[],"class_list":["post-9922","post","type-post","status-publish","format-standard","has-post-thumbnail","hentry","category-nyheter"],"acf":[],"yoast_head":"<!-- This site is optimized with the Yoast SEO Premium plugin v22.6 (Yoast SEO v22.6) - https:\/\/yoast.com\/wordpress\/plugins\/seo\/ -->\n<title>Vi flyttar till Solna Centrum - Stockholm Solna<\/title>\n<meta name=\"robots\" content=\"index, follow, max-snippet:-1, max-image-preview:large, max-video-preview:-1\" \/>\n<link rel=\"canonical\" href=\"https:\/\/www.stjarnkliniken.com\/stockholm-solna\/blogg\/vi-flyttar-till-solna-centrum\/\" \/>\n<meta property=\"og:locale\" content=\"sv_SE\" \/>\n<meta property=\"og:type\" content=\"article\" \/>\n<meta property=\"og:title\" content=\"Vi flyttar till Solna Centrum\" \/>\n<meta property=\"og:description\" content=\"Vi har l\u00e4mnat lokalerna p\u00e5 R\u00e5sundav\u00e4gen och flyttat till nya i Solna Centrum d\u00e4r du hittar oss fr\u00e5n m\u00e5ndagen den 30 september 2024. V\u00e5r nya adress \u00e4r Bibliotekstorget 8 v\u00e5ning 6 hissar finns\" \/>\n<meta property=\"og:url\" content=\"https:\/\/www.stjarnkliniken.com\/stockholm-solna\/blogg\/vi-flyttar-till-solna-centrum\/\" \/>\n<meta property=\"og:site_name\" content=\"Stockholm Solna\" \/>\n<meta property=\"article:published_time\" content=\"2024-09-30T06:31:24+00:00\" \/>\n<meta property=\"article:modified_time\" content=\"2024-09-30T06:31:26+00:00\" \/>\n<meta property=\"og:image\" content=\"https:\/\/www.stjarnkliniken.com\/stockholm-solna\/wp-content\/uploads\/sites\/5\/2024\/09\/Solna-Centrum.jpg\" \/>\n\t<meta property=\"og:image:width\" content=\"1088\" \/>\n\t<meta property=\"og:image:height\" content=\"612\" \/>\n\t<meta property=\"og:image:type\" content=\"image\/jpeg\" \/>\n<meta name=\"author\" content=\"Joakim Lindgren\" \/>\n<meta name=\"twitter:card\" content=\"summary_large_image\" \/>\n<meta name=\"twitter:label1\" content=\"Skriven av\" \/>\n\t<meta name=\"twitter:data1\" content=\"Joakim Lindgren\" \/>\n\t<meta name=\"twitter:label2\" content=\"Ber\u00e4knad l\u00e4stid\" \/>\n\t<meta name=\"twitter:data2\" content=\"1 minut\" \/>\n<script type=\"application\/ld+json\" class=\"yoast-schema-graph\">{\"@context\":\"https:\/\/schema.org\",\"@graph\":[{\"@type\":\"WebPage\",\"@id\":\"https:\/\/www.stjarnkliniken.com\/stockholm-solna\/blogg\/vi-flyttar-till-solna-centrum\/\",\"url\":\"https:\/\/www.stjarnkliniken.com\/stockholm-solna\/blogg\/vi-flyttar-till-solna-centrum\/\",\"name\":\"Vi flyttar till Solna Centrum - Stockholm Solna\",\"isPartOf\":{\"@id\":\"https:\/\/www.stjarnkliniken.com\/stockholm-solna\/#website\"},\"primaryImageOfPage\":{\"@id\":\"https:\/\/www.stjarnkliniken.com\/stockholm-solna\/blogg\/vi-flyttar-till-solna-centrum\/#primaryimage\"},\"image\":{\"@id\":\"https:\/\/www.stjarnkliniken.com\/stockholm-solna\/blogg\/vi-flyttar-till-solna-centrum\/#primaryimage\"},\"thumbnailUrl\":\"https:\/\/www.stjarnkliniken.com\/stockholm-solna\/wp-content\/uploads\/sites\/5\/2024\/09\/Solna-Centrum.jpg\",\"datePublished\":\"2024-09-30T06:31:24+00:00\",\"dateModified\":\"2024-09-30T06:31:26+00:00\",\"author\":{\"@id\":\"https:\/\/www.stjarnkliniken.com\/stockholm-solna\/#\/schema\/person\/8561ed97def907d912837cbe5bb2273f\"},\"breadcrumb\":{\"@id\":\"https:\/\/www.stjarnkliniken.com\/stockholm-solna\/blogg\/vi-flyttar-till-solna-centrum\/#breadcrumb\"},\"inLanguage\":\"sv-SE\",\"potentialAction\":[{\"@type\":\"ReadAction\",\"target\":[\"https:\/\/www.stjarnkliniken.com\/stockholm-solna\/blogg\/vi-flyttar-till-solna-centrum\/\"]}]},{\"@type\":\"ImageObject\",\"inLanguage\":\"sv-SE\",\"@id\":\"https:\/\/www.stjarnkliniken.com\/stockholm-solna\/blogg\/vi-flyttar-till-solna-centrum\/#primaryimage\",\"url\":\"https:\/\/www.stjarnkliniken.com\/stockholm-solna\/wp-content\/uploads\/sites\/5\/2024\/09\/Solna-Centrum.jpg\",\"contentUrl\":\"https:\/\/www.stjarnkliniken.com\/stockholm-solna\/wp-content\/uploads\/sites\/5\/2024\/09\/Solna-Centrum.jpg\",\"width\":1088,\"height\":612},{\"@type\":\"BreadcrumbList\",\"@id\":\"https:\/\/www.stjarnkliniken.com\/stockholm-solna\/blogg\/vi-flyttar-till-solna-centrum\/#breadcrumb\",\"itemListElement\":[{\"@type\":\"ListItem\",\"position\":1,\"name\":\"Hem\",\"item\":\"https:\/\/www.stjarnkliniken.com\/stockholm-solna\/\"},{\"@type\":\"ListItem\",\"position\":2,\"name\":\"Vi flyttar till Solna Centrum\"}]},{\"@type\":\"WebSite\",\"@id\":\"https:\/\/www.stjarnkliniken.com\/stockholm-solna\/#website\",\"url\":\"https:\/\/www.stjarnkliniken.com\/stockholm-solna\/\",\"name\":\"Stockholm Solna\",\"description\":\"Stj\u00e4rnkliniken: Naprapati &amp; massage - ingen v\u00e4ntetid, ingen remiss!\",\"potentialAction\":[{\"@type\":\"SearchAction\",\"target\":{\"@type\":\"EntryPoint\",\"urlTemplate\":\"https:\/\/www.stjarnkliniken.com\/stockholm-solna\/?s={search_term_string}\"},\"query-input\":\"required name=search_term_string\"}],\"inLanguage\":\"sv-SE\"},{\"@type\":\"Person\",\"@id\":\"https:\/\/www.stjarnkliniken.com\/stockholm-solna\/#\/schema\/person\/8561ed97def907d912837cbe5bb2273f\",\"name\":\"Joakim Lindgren\",\"image\":{\"@type\":\"ImageObject\",\"inLanguage\":\"sv-SE\",\"@id\":\"https:\/\/www.stjarnkliniken.com\/stockholm-solna\/#\/schema\/person\/image\/\",\"url\":\"https:\/\/secure.gravatar.com\/avatar\/e455d188e4eb406967cbf076ab22fa23fcf01411580c6c25ab6e9c829b7108ef?s=96&d=mm&r=g\",\"contentUrl\":\"https:\/\/secure.gravatar.com\/avatar\/e455d188e4eb406967cbf076ab22fa23fcf01411580c6c25ab6e9c829b7108ef?s=96&d=mm&r=g\",\"caption\":\"Joakim Lindgren\"},\"url\":\"https:\/\/www.stjarnkliniken.com\/stockholm-solna\/blogg\/author\/joakimlindgren\/\"}]}<\/script>\n<!-- \/ Yoast SEO Premium plugin. -->","yoast_head_json":{"title":"Vi flyttar till Solna Centrum - Stockholm Solna","robots":{"index":"index","follow":"follow","max-snippet":"max-snippet:-1","max-image-preview":"max-image-preview:large","max-video-preview":"max-video-preview:-1"},"canonical":"https:\/\/www.stjarnkliniken.com\/stockholm-solna\/blogg\/vi-flyttar-till-solna-centrum\/","og_locale":"sv_SE","og_type":"article","og_title":"Vi flyttar till Solna Centrum","og_description":"Vi har l\u00e4mnat lokalerna p\u00e5 R\u00e5sundav\u00e4gen och flyttat till nya i Solna Centrum d\u00e4r du hittar oss fr\u00e5n m\u00e5ndagen den 30 september 2024. V\u00e5r nya adress \u00e4r Bibliotekstorget 8 v\u00e5ning 6 hissar finns","og_url":"https:\/\/www.stjarnkliniken.com\/stockholm-solna\/blogg\/vi-flyttar-till-solna-centrum\/","og_site_name":"Stockholm Solna","article_published_time":"2024-09-30T06:31:24+00:00","article_modified_time":"2024-09-30T06:31:26+00:00","og_image":[{"url":"https:\/\/www.stjarnkliniken.com\/stockholm-solna\/wp-content\/uploads\/sites\/5\/2024\/09\/Solna-Centrum.jpg","width":1088,"height":612,"type":"image\/jpeg"}],"author":"Joakim Lindgren","twitter_card":"summary_large_image","twitter_misc":{"Skriven av":"Joakim Lindgren","Ber\u00e4knad l\u00e4stid":"1 minut"},"schema":{"@context":"https:\/\/schema.org","@graph":[{"@type":"WebPage","@id":"https:\/\/www.stjarnkliniken.com\/stockholm-solna\/blogg\/vi-flyttar-till-solna-centrum\/","url":"https:\/\/www.stjarnkliniken.com\/stockholm-solna\/blogg\/vi-flyttar-till-solna-centrum\/","name":"Vi flyttar till Solna Centrum - Stockholm Solna","isPartOf":{"@id":"https:\/\/www.stjarnkliniken.com\/stockholm-solna\/#website"},"primaryImageOfPage":{"@id":"https:\/\/www.stjarnkliniken.com\/stockholm-solna\/blogg\/vi-flyttar-till-solna-centrum\/#primaryimage"},"image":{"@id":"https:\/\/www.stjarnkliniken.com\/stockholm-solna\/blogg\/vi-flyttar-till-solna-centrum\/#primaryimage"},"thumbnailUrl":"https:\/\/www.stjarnkliniken.com\/stockholm-solna\/wp-content\/uploads\/sites\/5\/2024\/09\/Solna-Centrum.jpg","datePublished":"2024-09-30T06:31:24+00:00","dateModified":"2024-09-30T06:31:26+00:00","author":{"@id":"https:\/\/www.stjarnkliniken.com\/stockholm-solna\/#\/schema\/person\/8561ed97def907d912837cbe5bb2273f"},"breadcrumb":{"@id":"https:\/\/www.stjarnkliniken.com\/stockholm-solna\/blogg\/vi-flyttar-till-solna-centrum\/#breadcrumb"},"inLanguage":"sv-SE","potentialAction":[{"@type":"ReadAction","target":["https:\/\/www.stjarnkliniken.com\/stockholm-solna\/blogg\/vi-flyttar-till-solna-centrum\/"]}]},{"@type":"ImageObject","inLanguage":"sv-SE","@id":"https:\/\/www.stjarnkliniken.com\/stockholm-solna\/blogg\/vi-flyttar-till-solna-centrum\/#primaryimage","url":"https:\/\/www.stjarnkliniken.com\/stockholm-solna\/wp-content\/uploads\/sites\/5\/2024\/09\/Solna-Centrum.jpg","contentUrl":"https:\/\/www.stjarnkliniken.com\/stockholm-solna\/wp-content\/uploads\/sites\/5\/2024\/09\/Solna-Centrum.jpg","width":1088,"height":612},{"@type":"BreadcrumbList","@id":"https:\/\/www.stjarnkliniken.com\/stockholm-solna\/blogg\/vi-flyttar-till-solna-centrum\/#breadcrumb","itemListElement":[{"@type":"ListItem","position":1,"name":"Hem","item":"https:\/\/www.stjarnkliniken.com\/stockholm-solna\/"},{"@type":"ListItem","position":2,"name":"Vi flyttar till Solna Centrum"}]},{"@type":"WebSite","@id":"https:\/\/www.stjarnkliniken.com\/stockholm-solna\/#website","url":"https:\/\/www.stjarnkliniken.com\/stockholm-solna\/","name":"Stockholm Solna","description":"Stj\u00e4rnkliniken: Naprapati &amp; massage - ingen v\u00e4ntetid, ingen remiss!","potentialAction":[{"@type":"SearchAction","target":{"@type":"EntryPoint","urlTemplate":"https:\/\/www.stjarnkliniken.com\/stockholm-solna\/?s={search_term_string}"},"query-input":"required name=search_term_string"}],"inLanguage":"sv-SE"},{"@type":"Person","@id":"https:\/\/www.stjarnkliniken.com\/stockholm-solna\/#\/schema\/person\/8561ed97def907d912837cbe5bb2273f","name":"Joakim Lindgren","image":{"@type":"ImageObject","inLanguage":"sv-SE","@id":"https:\/\/www.stjarnkliniken.com\/stockholm-solna\/#\/schema\/person\/image\/","url":"https:\/\/secure.gravatar.com\/avatar\/e455d188e4eb406967cbf076ab22fa23fcf01411580c6c25ab6e9c829b7108ef?s=96&d=mm&r=g","contentUrl":"https:\/\/secure.gravatar.com\/avatar\/e455d188e4eb406967cbf076ab22fa23fcf01411580c6c25ab6e9c829b7108ef?s=96&d=mm&r=g","caption":"Joakim Lindgren"},"url":"https:\/\/www.stjarnkliniken.com\/stockholm-solna\/blogg\/author\/joakimlindgren\/"}]}},"_links":{"self":[{"href":"https:\/\/www.stjarnkliniken.com\/stockholm-solna\/wp-json\/wp\/v2\/posts\/9922","targetHints":{"allow":["GET"]}}],"collection":[{"href":"https:\/\/www.stjarnkliniken.com\/stockholm-solna\/wp-json\/wp\/v2\/posts"}],"about":[{"href":"https:\/\/www.stjarnkliniken.com\/stockholm-solna\/wp-json\/wp\/v2\/types\/post"}],"author":[{"embeddable":true,"href":"https:\/\/www.stjarnkliniken.com\/stockholm-solna\/wp-json\/wp\/v2\/users\/42"}],"replies":[{"embeddable":true,"href":"https:\/\/www.stjarnkliniken.com\/stockholm-solna\/wp-json\/wp\/v2\/comments?post=9922"}],"version-history":[{"count":1,"href":"https:\/\/www.stjarnkliniken.com\/stockholm-solna\/wp-json\/wp\/v2\/posts\/9922\/revisions"}],"predecessor-version":[{"id":9924,"href":"https:\/\/www.stjarnkliniken.com\/stockholm-solna\/wp-json\/wp\/v2\/posts\/9922\/revisions\/9924"}],"wp:featuredmedia":[{"embeddable":true,"href":"https:\/\/www.stjarnkliniken.com\/stockholm-solna\/wp-json\/wp\/v2\/media\/9923"}],"wp:attachment":[{"href":"https:\/\/www.stjarnkliniken.com\/stockholm-solna\/wp-json\/wp\/v2\/media?parent=9922"}],"wp:term":[{"taxonomy":"category","embeddable":true,"href":"https:\/\/www.stjarnkliniken.com\/stockholm-solna\/wp-json\/wp\/v2\/categories?post=9922"},{"taxonomy":"post_tag","embeddable":true,"href":"https:\/\/www.stjarnkliniken.com\/stockholm-solna\/wp-json\/wp\/v2\/tags?post=9922"}],"curies":[{"name":"wp","href":"https:\/\/api.w.org\/{rel}","templated":true}]}}