{"id":3082,"date":"2019-01-17T14:59:56","date_gmt":"2019-01-17T13:59:56","guid":{"rendered":"http:\/\/www.stjarnkliniken.com\/?p=3082"},"modified":"2019-01-17T14:59:56","modified_gmt":"2019-01-17T13:59:56","slug":"save-the-date","status":"publish","type":"post","link":"https:\/\/www.stjarnkliniken.com\/stockholm-solna\/blogg\/save-the-date\/","title":{"rendered":"Save the date"},"content":{"rendered":"<p><strong>Vi har nu \u00f6ppnat v\u00e5r fj\u00e4rde klinik och det vill vi fira tillsammans med Dig! Vi\u00a0bjuder p\u00e5 t\u00e5rta samt bubbel dagen till \u00e4ra. Kom och tr\u00e4ffa oss och se v\u00e5ra nya lokaler!<\/strong><\/p>\n<p>&nbsp;<\/p>\n<p class=\"p2\"><strong>Datum:<\/strong> 31 januari<\/p>\n<p class=\"p2\"><strong>Adress:<\/strong> Drottninggatan 11\u00a0Katrineholm<\/p>\n<p class=\"p3\"><strong>Tid:<\/strong> 13.00 &#8211; 17.00<\/p>\n<p>&nbsp;<\/p>\n<p><em>Visste du att vi har tecknat avtal med Region S\u00f6rmland f\u00f6r naprapati?\u00a0Sp\u00e4nnande!<\/em><\/p>\n<p><strong>Varmt v\u00e4lkommen!<\/strong><\/p>\n","protected":false},"excerpt":{"rendered":"<p>Vi har nu \u00f6ppnat v\u00e5r fj\u00e4rde klinik och det vill vi fira tillsammans med Dig! Vi\u00a0bjuder p\u00e5 t\u00e5rta samt bubbel dagen till \u00e4ra. Kom och tr\u00e4ffa oss och se v\u00e5ra nya lokaler<\/p>\n","protected":false},"author":3,"featured_media":3086,"comment_status":"open","ping_status":"open","sticky":false,"template":"","format":"standard","meta":{"_acf_changed":false,"mc4wp_mailchimp_campaign":[],"footnotes":""},"categories":[1],"tags":[],"class_list":["post-3082","post","type-post","status-publish","format-standard","has-post-thumbnail","hentry","category-nyheter"],"acf":[],"yoast_head":"<!-- This site is optimized with the Yoast SEO Premium plugin v22.6 (Yoast SEO v22.6) - https:\/\/yoast.com\/wordpress\/plugins\/seo\/ -->\n<title>Save the date - Stockholm Solna<\/title>\n<meta name=\"robots\" content=\"index, follow, max-snippet:-1, max-image-preview:large, max-video-preview:-1\" \/>\n<link rel=\"canonical\" href=\"https:\/\/www.stjarnkliniken.com\/stockholm-solna\/blogg\/save-the-date\/\" \/>\n<meta property=\"og:locale\" content=\"sv_SE\" \/>\n<meta property=\"og:type\" content=\"article\" \/>\n<meta property=\"og:title\" content=\"Save the date\" \/>\n<meta property=\"og:description\" content=\"Vi har nu \u00f6ppnat v\u00e5r fj\u00e4rde klinik och det vill vi fira tillsammans med Dig! Vi\u00a0bjuder p\u00e5 t\u00e5rta samt bubbel dagen till \u00e4ra. Kom och tr\u00e4ffa oss och se v\u00e5ra nya lokaler\" \/>\n<meta property=\"og:url\" content=\"https:\/\/www.stjarnkliniken.com\/stockholm-solna\/blogg\/save-the-date\/\" \/>\n<meta property=\"og:site_name\" content=\"Stockholm Solna\" \/>\n<meta property=\"article:published_time\" content=\"2019-01-17T13:59:56+00:00\" \/>\n<meta property=\"og:image\" content=\"https:\/\/www.stjarnkliniken.com\/stockholm-solna\/wp-content\/uploads\/sites\/5\/2019\/01\/skacc88rmavbild-2019-01-17-kl-14-22-43-2-1200x630.png\" \/>\n\t<meta property=\"og:image:width\" content=\"1200\" \/>\n\t<meta property=\"og:image:height\" content=\"630\" \/>\n\t<meta property=\"og:image:type\" content=\"image\/png\" \/>\n<meta name=\"author\" content=\"markushast\" \/>\n<meta name=\"twitter:card\" content=\"summary_large_image\" \/>\n<meta name=\"twitter:label1\" content=\"Skriven av\" \/>\n\t<meta name=\"twitter:data1\" content=\"markushast\" \/>\n<script type=\"application\/ld+json\" class=\"yoast-schema-graph\">{\"@context\":\"https:\/\/schema.org\",\"@graph\":[{\"@type\":\"WebPage\",\"@id\":\"https:\/\/www.stjarnkliniken.com\/stockholm-solna\/blogg\/save-the-date\/\",\"url\":\"https:\/\/www.stjarnkliniken.com\/stockholm-solna\/blogg\/save-the-date\/\",\"name\":\"Save the date - Stockholm Solna\",\"isPartOf\":{\"@id\":\"https:\/\/www.stjarnkliniken.com\/stockholm-solna\/#website\"},\"primaryImageOfPage\":{\"@id\":\"https:\/\/www.stjarnkliniken.com\/stockholm-solna\/blogg\/save-the-date\/#primaryimage\"},\"image\":{\"@id\":\"https:\/\/www.stjarnkliniken.com\/stockholm-solna\/blogg\/save-the-date\/#primaryimage\"},\"thumbnailUrl\":\"https:\/\/www.stjarnkliniken.com\/stockholm-solna\/wp-content\/uploads\/sites\/5\/2019\/01\/skacc88rmavbild-2019-01-17-kl-14-22-43-2.png\",\"datePublished\":\"2019-01-17T13:59:56+00:00\",\"dateModified\":\"2019-01-17T13:59:56+00:00\",\"author\":{\"@id\":\"https:\/\/www.stjarnkliniken.com\/stockholm-solna\/#\/schema\/person\/666bd4769c89afc2bc1bebd9c68380eb\"},\"breadcrumb\":{\"@id\":\"https:\/\/www.stjarnkliniken.com\/stockholm-solna\/blogg\/save-the-date\/#breadcrumb\"},\"inLanguage\":\"sv-SE\",\"potentialAction\":[{\"@type\":\"ReadAction\",\"target\":[\"https:\/\/www.stjarnkliniken.com\/stockholm-solna\/blogg\/save-the-date\/\"]}]},{\"@type\":\"ImageObject\",\"inLanguage\":\"sv-SE\",\"@id\":\"https:\/\/www.stjarnkliniken.com\/stockholm-solna\/blogg\/save-the-date\/#primaryimage\",\"url\":\"https:\/\/www.stjarnkliniken.com\/stockholm-solna\/wp-content\/uploads\/sites\/5\/2019\/01\/skacc88rmavbild-2019-01-17-kl-14-22-43-2.png\",\"contentUrl\":\"https:\/\/www.stjarnkliniken.com\/stockholm-solna\/wp-content\/uploads\/sites\/5\/2019\/01\/skacc88rmavbild-2019-01-17-kl-14-22-43-2.png\",\"width\":1797,\"height\":996},{\"@type\":\"BreadcrumbList\",\"@id\":\"https:\/\/www.stjarnkliniken.com\/stockholm-solna\/blogg\/save-the-date\/#breadcrumb\",\"itemListElement\":[{\"@type\":\"ListItem\",\"position\":1,\"name\":\"Hem\",\"item\":\"https:\/\/www.stjarnkliniken.com\/stockholm-solna\/\"},{\"@type\":\"ListItem\",\"position\":2,\"name\":\"Save the date\"}]},{\"@type\":\"WebSite\",\"@id\":\"https:\/\/www.stjarnkliniken.com\/stockholm-solna\/#website\",\"url\":\"https:\/\/www.stjarnkliniken.com\/stockholm-solna\/\",\"name\":\"Stockholm Solna\",\"description\":\"Stj\u00e4rnkliniken: Naprapati &amp; massage - ingen v\u00e4ntetid, ingen remiss!\",\"potentialAction\":[{\"@type\":\"SearchAction\",\"target\":{\"@type\":\"EntryPoint\",\"urlTemplate\":\"https:\/\/www.stjarnkliniken.com\/stockholm-solna\/?s={search_term_string}\"},\"query-input\":\"required name=search_term_string\"}],\"inLanguage\":\"sv-SE\"},{\"@type\":\"Person\",\"@id\":\"https:\/\/www.stjarnkliniken.com\/stockholm-solna\/#\/schema\/person\/666bd4769c89afc2bc1bebd9c68380eb\",\"name\":\"markushast\",\"image\":{\"@type\":\"ImageObject\",\"inLanguage\":\"sv-SE\",\"@id\":\"https:\/\/www.stjarnkliniken.com\/stockholm-solna\/#\/schema\/person\/image\/\",\"url\":\"https:\/\/secure.gravatar.com\/avatar\/4693202f698103527ba596946625c6e3bde6007ce48f3715463d413b0e000f0b?s=96&d=mm&r=g\",\"contentUrl\":\"https:\/\/secure.gravatar.com\/avatar\/4693202f698103527ba596946625c6e3bde6007ce48f3715463d413b0e000f0b?s=96&d=mm&r=g\",\"caption\":\"markushast\"},\"url\":\"https:\/\/www.stjarnkliniken.com\/stockholm-solna\/blogg\/author\/markushast\/\"}]}<\/script>\n<!-- \/ Yoast SEO Premium plugin. -->","yoast_head_json":{"title":"Save the date - Stockholm Solna","robots":{"index":"index","follow":"follow","max-snippet":"max-snippet:-1","max-image-preview":"max-image-preview:large","max-video-preview":"max-video-preview:-1"},"canonical":"https:\/\/www.stjarnkliniken.com\/stockholm-solna\/blogg\/save-the-date\/","og_locale":"sv_SE","og_type":"article","og_title":"Save the date","og_description":"Vi har nu \u00f6ppnat v\u00e5r fj\u00e4rde klinik och det vill vi fira tillsammans med Dig! Vi\u00a0bjuder p\u00e5 t\u00e5rta samt bubbel dagen till \u00e4ra. Kom och tr\u00e4ffa oss och se v\u00e5ra nya lokaler","og_url":"https:\/\/www.stjarnkliniken.com\/stockholm-solna\/blogg\/save-the-date\/","og_site_name":"Stockholm Solna","article_published_time":"2019-01-17T13:59:56+00:00","og_image":[{"width":1200,"height":630,"url":"https:\/\/www.stjarnkliniken.com\/stockholm-solna\/wp-content\/uploads\/sites\/5\/2019\/01\/skacc88rmavbild-2019-01-17-kl-14-22-43-2-1200x630.png","type":"image\/png"}],"author":"markushast","twitter_card":"summary_large_image","twitter_misc":{"Skriven av":"markushast"},"schema":{"@context":"https:\/\/schema.org","@graph":[{"@type":"WebPage","@id":"https:\/\/www.stjarnkliniken.com\/stockholm-solna\/blogg\/save-the-date\/","url":"https:\/\/www.stjarnkliniken.com\/stockholm-solna\/blogg\/save-the-date\/","name":"Save the date - Stockholm Solna","isPartOf":{"@id":"https:\/\/www.stjarnkliniken.com\/stockholm-solna\/#website"},"primaryImageOfPage":{"@id":"https:\/\/www.stjarnkliniken.com\/stockholm-solna\/blogg\/save-the-date\/#primaryimage"},"image":{"@id":"https:\/\/www.stjarnkliniken.com\/stockholm-solna\/blogg\/save-the-date\/#primaryimage"},"thumbnailUrl":"https:\/\/www.stjarnkliniken.com\/stockholm-solna\/wp-content\/uploads\/sites\/5\/2019\/01\/skacc88rmavbild-2019-01-17-kl-14-22-43-2.png","datePublished":"2019-01-17T13:59:56+00:00","dateModified":"2019-01-17T13:59:56+00:00","author":{"@id":"https:\/\/www.stjarnkliniken.com\/stockholm-solna\/#\/schema\/person\/666bd4769c89afc2bc1bebd9c68380eb"},"breadcrumb":{"@id":"https:\/\/www.stjarnkliniken.com\/stockholm-solna\/blogg\/save-the-date\/#breadcrumb"},"inLanguage":"sv-SE","potentialAction":[{"@type":"ReadAction","target":["https:\/\/www.stjarnkliniken.com\/stockholm-solna\/blogg\/save-the-date\/"]}]},{"@type":"ImageObject","inLanguage":"sv-SE","@id":"https:\/\/www.stjarnkliniken.com\/stockholm-solna\/blogg\/save-the-date\/#primaryimage","url":"https:\/\/www.stjarnkliniken.com\/stockholm-solna\/wp-content\/uploads\/sites\/5\/2019\/01\/skacc88rmavbild-2019-01-17-kl-14-22-43-2.png","contentUrl":"https:\/\/www.stjarnkliniken.com\/stockholm-solna\/wp-content\/uploads\/sites\/5\/2019\/01\/skacc88rmavbild-2019-01-17-kl-14-22-43-2.png","width":1797,"height":996},{"@type":"BreadcrumbList","@id":"https:\/\/www.stjarnkliniken.com\/stockholm-solna\/blogg\/save-the-date\/#breadcrumb","itemListElement":[{"@type":"ListItem","position":1,"name":"Hem","item":"https:\/\/www.stjarnkliniken.com\/stockholm-solna\/"},{"@type":"ListItem","position":2,"name":"Save the date"}]},{"@type":"WebSite","@id":"https:\/\/www.stjarnkliniken.com\/stockholm-solna\/#website","url":"https:\/\/www.stjarnkliniken.com\/stockholm-solna\/","name":"Stockholm Solna","description":"Stj\u00e4rnkliniken: Naprapati &amp; massage - ingen v\u00e4ntetid, ingen remiss!","potentialAction":[{"@type":"SearchAction","target":{"@type":"EntryPoint","urlTemplate":"https:\/\/www.stjarnkliniken.com\/stockholm-solna\/?s={search_term_string}"},"query-input":"required name=search_term_string"}],"inLanguage":"sv-SE"},{"@type":"Person","@id":"https:\/\/www.stjarnkliniken.com\/stockholm-solna\/#\/schema\/person\/666bd4769c89afc2bc1bebd9c68380eb","name":"markushast","image":{"@type":"ImageObject","inLanguage":"sv-SE","@id":"https:\/\/www.stjarnkliniken.com\/stockholm-solna\/#\/schema\/person\/image\/","url":"https:\/\/secure.gravatar.com\/avatar\/4693202f698103527ba596946625c6e3bde6007ce48f3715463d413b0e000f0b?s=96&d=mm&r=g","contentUrl":"https:\/\/secure.gravatar.com\/avatar\/4693202f698103527ba596946625c6e3bde6007ce48f3715463d413b0e000f0b?s=96&d=mm&r=g","caption":"markushast"},"url":"https:\/\/www.stjarnkliniken.com\/stockholm-solna\/blogg\/author\/markushast\/"}]}},"_links":{"self":[{"href":"https:\/\/www.stjarnkliniken.com\/stockholm-solna\/wp-json\/wp\/v2\/posts\/3082","targetHints":{"allow":["GET"]}}],"collection":[{"href":"https:\/\/www.stjarnkliniken.com\/stockholm-solna\/wp-json\/wp\/v2\/posts"}],"about":[{"href":"https:\/\/www.stjarnkliniken.com\/stockholm-solna\/wp-json\/wp\/v2\/types\/post"}],"author":[{"embeddable":true,"href":"https:\/\/www.stjarnkliniken.com\/stockholm-solna\/wp-json\/wp\/v2\/users\/3"}],"replies":[{"embeddable":true,"href":"https:\/\/www.stjarnkliniken.com\/stockholm-solna\/wp-json\/wp\/v2\/comments?post=3082"}],"version-history":[{"count":0,"href":"https:\/\/www.stjarnkliniken.com\/stockholm-solna\/wp-json\/wp\/v2\/posts\/3082\/revisions"}],"wp:featuredmedia":[{"embeddable":true,"href":"https:\/\/www.stjarnkliniken.com\/stockholm-solna\/wp-json\/wp\/v2\/media\/3086"}],"wp:attachment":[{"href":"https:\/\/www.stjarnkliniken.com\/stockholm-solna\/wp-json\/wp\/v2\/media?parent=3082"}],"wp:term":[{"taxonomy":"category","embeddable":true,"href":"https:\/\/www.stjarnkliniken.com\/stockholm-solna\/wp-json\/wp\/v2\/categories?post=3082"},{"taxonomy":"post_tag","embeddable":true,"href":"https:\/\/www.stjarnkliniken.com\/stockholm-solna\/wp-json\/wp\/v2\/tags?post=3082"}],"curies":[{"name":"wp","href":"https:\/\/api.w.org\/{rel}","templated":true}]}}