{"id":9822,"date":"2026-01-13T13:39:34","date_gmt":"2026-01-13T13:39:34","guid":{"rendered":"https:\/\/www.stjarnkliniken.com\/orebro-city\/?p=9822"},"modified":"2026-01-13T13:40:06","modified_gmt":"2026-01-13T13:40:06","slug":"stjarnkliniken-orebro-%e2%ad%90-kif-orebro","status":"publish","type":"post","link":"https:\/\/www.stjarnkliniken.com\/orebro-city\/blogg\/stjarnkliniken-orebro-%e2%ad%90-kif-orebro\/","title":{"rendered":"Stj\u00e4rnkliniken \u00d6rebro \u2b50 KIF \u00d6rebro"},"content":{"rendered":"\n<p>Vi \u00e4r mycket stolta \u00f6ver att kunna presentera ett samarbete med KIF \u00d6rebro. Stj\u00e4rnkliniken \u00d6rebro kommer ansvara f\u00f6r rehabilitering, behandling samt skadef\u00f6rebyggande insatser i n\u00e4ra samarbete med tr\u00e4narteamet. F\u00f6r oss \u00e4r det ett viktigt steg i arbetet med att st\u00e4rka KIF \u00d6rebros organisation och samtidigt bidra till utveckling av svensk damfotboll.<\/p>\n\n\n\n<p>&#8221;Vi i KIF \u00d6rebro \u00e4r otroligt glada \u00f6ver att f\u00e5 in Stj\u00e4rnkliniken som medicinsk partner. Att ha tillg\u00e5ng till deras kompetens och professionella st\u00f6d inom rehabilitering, behandling och skadef\u00f6rebyggande arbete \u00e4r stor trygghet f\u00f6r b\u00e5de spelare och ledarstab. Det h\u00e4r \u00e4r en viktig pusselbit i v\u00e5r satsning inf\u00f6r s\u00e4songen 2026 och en stor trygghet f\u00f6r b\u00e5de spelare och ledarstab&#8221; &#8211; KIF \u00d6rebro<\/p>\n\n\n\n<p><\/p>\n\n\n\n<figure class=\"wp-block-image size-large\"><img loading=\"lazy\" decoding=\"async\" width=\"901\" height=\"1024\" src=\"https:\/\/www.stjarnkliniken.com\/orebro-city\/wp-content\/uploads\/sites\/14\/2026\/01\/IMG_1687-1-901x1024.jpeg\" alt=\"\" class=\"wp-image-9823\" srcset=\"https:\/\/www.stjarnkliniken.com\/orebro-city\/wp-content\/uploads\/sites\/14\/2026\/01\/IMG_1687-1-901x1024.jpeg 901w, https:\/\/www.stjarnkliniken.com\/orebro-city\/wp-content\/uploads\/sites\/14\/2026\/01\/IMG_1687-1-264x300.jpeg 264w, https:\/\/www.stjarnkliniken.com\/orebro-city\/wp-content\/uploads\/sites\/14\/2026\/01\/IMG_1687-1-625x710.jpeg 625w, https:\/\/www.stjarnkliniken.com\/orebro-city\/wp-content\/uploads\/sites\/14\/2026\/01\/IMG_1687-1-157x178.jpeg 157w, https:\/\/www.stjarnkliniken.com\/orebro-city\/wp-content\/uploads\/sites\/14\/2026\/01\/IMG_1687-1-457x520.jpeg 457w, https:\/\/www.stjarnkliniken.com\/orebro-city\/wp-content\/uploads\/sites\/14\/2026\/01\/IMG_1687-1.jpeg 1170w\" sizes=\"auto, (max-width: 901px) 100vw, 901px\" \/><\/figure>\n\n\n\n<p>Vi ser fram emot ett fint samarbete med KIF \u00d6rebro! \u2b50<\/p>\n\n\n\n<p><\/p>\n","protected":false},"excerpt":{"rendered":"<p>Vi \u00e4r mycket stolta \u00f6ver att kunna presentera ett samarbete med KIF \u00d6rebro. Stj\u00e4rnkliniken \u00d6rebro kommer ansvara f\u00f6r rehabilitering behandling samt skadef\u00f6rebyggande insatser i n\u00e4ra samarbete med tr\u00e4narteamet<\/p>\n","protected":false},"author":21,"featured_media":9824,"comment_status":"closed","ping_status":"closed","sticky":false,"template":"","format":"standard","meta":{"_acf_changed":false,"mc4wp_mailchimp_campaign":[],"footnotes":""},"categories":[1],"tags":[],"class_list":["post-9822","post","type-post","status-publish","format-standard","has-post-thumbnail","hentry","category-nyheter"],"acf":[],"yoast_head":"<!-- This site is optimized with the Yoast SEO Premium plugin v22.6 (Yoast SEO v22.6) - https:\/\/yoast.com\/wordpress\/plugins\/seo\/ -->\n<title>Stj\u00e4rnkliniken \u00d6rebro \u2b50 KIF \u00d6rebro - \u00d6rebro City<\/title>\n<meta name=\"robots\" content=\"index, follow, max-snippet:-1, max-image-preview:large, max-video-preview:-1\" \/>\n<link rel=\"canonical\" href=\"https:\/\/www.stjarnkliniken.com\/orebro-city\/blogg\/stjarnkliniken-orebro-\u2b50-kif-orebro\/\" \/>\n<meta property=\"og:locale\" content=\"sv_SE\" \/>\n<meta property=\"og:type\" content=\"article\" \/>\n<meta property=\"og:title\" content=\"Stj\u00e4rnkliniken \u00d6rebro \u2b50 KIF \u00d6rebro\" \/>\n<meta property=\"og:description\" content=\"Vi \u00e4r mycket stolta \u00f6ver att kunna presentera ett samarbete med KIF \u00d6rebro. Stj\u00e4rnkliniken \u00d6rebro kommer ansvara f\u00f6r rehabilitering behandling samt skadef\u00f6rebyggande insatser i n\u00e4ra samarbete med tr\u00e4narteamet\" \/>\n<meta property=\"og:url\" content=\"https:\/\/www.stjarnkliniken.com\/orebro-city\/blogg\/stjarnkliniken-orebro-\u2b50-kif-orebro\/\" \/>\n<meta property=\"og:site_name\" content=\"\u00d6rebro City\" \/>\n<meta property=\"article:published_time\" content=\"2026-01-13T13:39:34+00:00\" \/>\n<meta property=\"article:modified_time\" content=\"2026-01-13T13:40:06+00:00\" \/>\n<meta property=\"og:image\" content=\"https:\/\/www.stjarnkliniken.com\/orebro-city\/wp-content\/uploads\/sites\/14\/2026\/01\/IMG_1687-1-1-1170x630.jpeg\" \/>\n\t<meta property=\"og:image:width\" content=\"1170\" \/>\n\t<meta property=\"og:image:height\" content=\"630\" \/>\n\t<meta property=\"og:image:type\" content=\"image\/jpeg\" \/>\n<meta name=\"author\" content=\"sarajansson\" \/>\n<meta name=\"twitter:card\" content=\"summary_large_image\" \/>\n<meta name=\"twitter:label1\" content=\"Skriven av\" \/>\n\t<meta name=\"twitter:data1\" content=\"sarajansson\" \/>\n\t<meta name=\"twitter:label2\" content=\"Ber\u00e4knad l\u00e4stid\" \/>\n\t<meta name=\"twitter:data2\" content=\"2 minuter\" \/>\n<script type=\"application\/ld+json\" class=\"yoast-schema-graph\">{\"@context\":\"https:\/\/schema.org\",\"@graph\":[{\"@type\":\"WebPage\",\"@id\":\"https:\/\/www.stjarnkliniken.com\/orebro-city\/blogg\/stjarnkliniken-orebro-%e2%ad%90-kif-orebro\/\",\"url\":\"https:\/\/www.stjarnkliniken.com\/orebro-city\/blogg\/stjarnkliniken-orebro-%e2%ad%90-kif-orebro\/\",\"name\":\"Stj\u00e4rnkliniken \u00d6rebro \u2b50 KIF \u00d6rebro - \u00d6rebro City\",\"isPartOf\":{\"@id\":\"https:\/\/www.stjarnkliniken.com\/orebro-city\/#website\"},\"primaryImageOfPage\":{\"@id\":\"https:\/\/www.stjarnkliniken.com\/orebro-city\/blogg\/stjarnkliniken-orebro-%e2%ad%90-kif-orebro\/#primaryimage\"},\"image\":{\"@id\":\"https:\/\/www.stjarnkliniken.com\/orebro-city\/blogg\/stjarnkliniken-orebro-%e2%ad%90-kif-orebro\/#primaryimage\"},\"thumbnailUrl\":\"https:\/\/www.stjarnkliniken.com\/orebro-city\/wp-content\/uploads\/sites\/14\/2026\/01\/IMG_1687-1-1-e1768311462621.jpeg\",\"datePublished\":\"2026-01-13T13:39:34+00:00\",\"dateModified\":\"2026-01-13T13:40:06+00:00\",\"author\":{\"@id\":\"https:\/\/www.stjarnkliniken.com\/orebro-city\/#\/schema\/person\/ac534793ccb7ce889caaf710030f54bb\"},\"breadcrumb\":{\"@id\":\"https:\/\/www.stjarnkliniken.com\/orebro-city\/blogg\/stjarnkliniken-orebro-%e2%ad%90-kif-orebro\/#breadcrumb\"},\"inLanguage\":\"sv-SE\",\"potentialAction\":[{\"@type\":\"ReadAction\",\"target\":[\"https:\/\/www.stjarnkliniken.com\/orebro-city\/blogg\/stjarnkliniken-orebro-%e2%ad%90-kif-orebro\/\"]}]},{\"@type\":\"ImageObject\",\"inLanguage\":\"sv-SE\",\"@id\":\"https:\/\/www.stjarnkliniken.com\/orebro-city\/blogg\/stjarnkliniken-orebro-%e2%ad%90-kif-orebro\/#primaryimage\",\"url\":\"https:\/\/www.stjarnkliniken.com\/orebro-city\/wp-content\/uploads\/sites\/14\/2026\/01\/IMG_1687-1-1-e1768311462621.jpeg\",\"contentUrl\":\"https:\/\/www.stjarnkliniken.com\/orebro-city\/wp-content\/uploads\/sites\/14\/2026\/01\/IMG_1687-1-1-e1768311462621.jpeg\",\"width\":1170,\"height\":525},{\"@type\":\"BreadcrumbList\",\"@id\":\"https:\/\/www.stjarnkliniken.com\/orebro-city\/blogg\/stjarnkliniken-orebro-%e2%ad%90-kif-orebro\/#breadcrumb\",\"itemListElement\":[{\"@type\":\"ListItem\",\"position\":1,\"name\":\"Hem\",\"item\":\"https:\/\/www.stjarnkliniken.com\/orebro-city\/\"},{\"@type\":\"ListItem\",\"position\":2,\"name\":\"Stj\u00e4rnkliniken \u00d6rebro \u2b50 KIF \u00d6rebro\"}]},{\"@type\":\"WebSite\",\"@id\":\"https:\/\/www.stjarnkliniken.com\/orebro-city\/#website\",\"url\":\"https:\/\/www.stjarnkliniken.com\/orebro-city\/\",\"name\":\"\u00d6rebro City\",\"description\":\"Stj\u00e4rnkliniken: Naprapati &amp; massage - ingen v\u00e4ntetid, ingen remiss!\",\"potentialAction\":[{\"@type\":\"SearchAction\",\"target\":{\"@type\":\"EntryPoint\",\"urlTemplate\":\"https:\/\/www.stjarnkliniken.com\/orebro-city\/?s={search_term_string}\"},\"query-input\":\"required name=search_term_string\"}],\"inLanguage\":\"sv-SE\"},{\"@type\":\"Person\",\"@id\":\"https:\/\/www.stjarnkliniken.com\/orebro-city\/#\/schema\/person\/ac534793ccb7ce889caaf710030f54bb\",\"name\":\"sarajansson\",\"image\":{\"@type\":\"ImageObject\",\"inLanguage\":\"sv-SE\",\"@id\":\"https:\/\/www.stjarnkliniken.com\/orebro-city\/#\/schema\/person\/image\/\",\"url\":\"https:\/\/secure.gravatar.com\/avatar\/d1ee6dabe347fdfb993e8540ecb18dfc0ac51554ee4ffc5f56e5d44996a689f8?s=96&d=mm&r=g\",\"contentUrl\":\"https:\/\/secure.gravatar.com\/avatar\/d1ee6dabe347fdfb993e8540ecb18dfc0ac51554ee4ffc5f56e5d44996a689f8?s=96&d=mm&r=g\",\"caption\":\"sarajansson\"},\"url\":\"https:\/\/www.stjarnkliniken.com\/orebro-city\/blogg\/author\/sarajansson\/\"}]}<\/script>\n<!-- \/ Yoast SEO Premium plugin. -->","yoast_head_json":{"title":"Stj\u00e4rnkliniken \u00d6rebro \u2b50 KIF \u00d6rebro - \u00d6rebro City","robots":{"index":"index","follow":"follow","max-snippet":"max-snippet:-1","max-image-preview":"max-image-preview:large","max-video-preview":"max-video-preview:-1"},"canonical":"https:\/\/www.stjarnkliniken.com\/orebro-city\/blogg\/stjarnkliniken-orebro-\u2b50-kif-orebro\/","og_locale":"sv_SE","og_type":"article","og_title":"Stj\u00e4rnkliniken \u00d6rebro \u2b50 KIF \u00d6rebro","og_description":"Vi \u00e4r mycket stolta \u00f6ver att kunna presentera ett samarbete med KIF \u00d6rebro. Stj\u00e4rnkliniken \u00d6rebro kommer ansvara f\u00f6r rehabilitering behandling samt skadef\u00f6rebyggande insatser i n\u00e4ra samarbete med tr\u00e4narteamet","og_url":"https:\/\/www.stjarnkliniken.com\/orebro-city\/blogg\/stjarnkliniken-orebro-\u2b50-kif-orebro\/","og_site_name":"\u00d6rebro City","article_published_time":"2026-01-13T13:39:34+00:00","article_modified_time":"2026-01-13T13:40:06+00:00","og_image":[{"width":1170,"height":630,"url":"https:\/\/www.stjarnkliniken.com\/orebro-city\/wp-content\/uploads\/sites\/14\/2026\/01\/IMG_1687-1-1-1170x630.jpeg","type":"image\/jpeg"}],"author":"sarajansson","twitter_card":"summary_large_image","twitter_misc":{"Skriven av":"sarajansson","Ber\u00e4knad l\u00e4stid":"2 minuter"},"schema":{"@context":"https:\/\/schema.org","@graph":[{"@type":"WebPage","@id":"https:\/\/www.stjarnkliniken.com\/orebro-city\/blogg\/stjarnkliniken-orebro-%e2%ad%90-kif-orebro\/","url":"https:\/\/www.stjarnkliniken.com\/orebro-city\/blogg\/stjarnkliniken-orebro-%e2%ad%90-kif-orebro\/","name":"Stj\u00e4rnkliniken \u00d6rebro \u2b50 KIF \u00d6rebro - \u00d6rebro City","isPartOf":{"@id":"https:\/\/www.stjarnkliniken.com\/orebro-city\/#website"},"primaryImageOfPage":{"@id":"https:\/\/www.stjarnkliniken.com\/orebro-city\/blogg\/stjarnkliniken-orebro-%e2%ad%90-kif-orebro\/#primaryimage"},"image":{"@id":"https:\/\/www.stjarnkliniken.com\/orebro-city\/blogg\/stjarnkliniken-orebro-%e2%ad%90-kif-orebro\/#primaryimage"},"thumbnailUrl":"https:\/\/www.stjarnkliniken.com\/orebro-city\/wp-content\/uploads\/sites\/14\/2026\/01\/IMG_1687-1-1-e1768311462621.jpeg","datePublished":"2026-01-13T13:39:34+00:00","dateModified":"2026-01-13T13:40:06+00:00","author":{"@id":"https:\/\/www.stjarnkliniken.com\/orebro-city\/#\/schema\/person\/ac534793ccb7ce889caaf710030f54bb"},"breadcrumb":{"@id":"https:\/\/www.stjarnkliniken.com\/orebro-city\/blogg\/stjarnkliniken-orebro-%e2%ad%90-kif-orebro\/#breadcrumb"},"inLanguage":"sv-SE","potentialAction":[{"@type":"ReadAction","target":["https:\/\/www.stjarnkliniken.com\/orebro-city\/blogg\/stjarnkliniken-orebro-%e2%ad%90-kif-orebro\/"]}]},{"@type":"ImageObject","inLanguage":"sv-SE","@id":"https:\/\/www.stjarnkliniken.com\/orebro-city\/blogg\/stjarnkliniken-orebro-%e2%ad%90-kif-orebro\/#primaryimage","url":"https:\/\/www.stjarnkliniken.com\/orebro-city\/wp-content\/uploads\/sites\/14\/2026\/01\/IMG_1687-1-1-e1768311462621.jpeg","contentUrl":"https:\/\/www.stjarnkliniken.com\/orebro-city\/wp-content\/uploads\/sites\/14\/2026\/01\/IMG_1687-1-1-e1768311462621.jpeg","width":1170,"height":525},{"@type":"BreadcrumbList","@id":"https:\/\/www.stjarnkliniken.com\/orebro-city\/blogg\/stjarnkliniken-orebro-%e2%ad%90-kif-orebro\/#breadcrumb","itemListElement":[{"@type":"ListItem","position":1,"name":"Hem","item":"https:\/\/www.stjarnkliniken.com\/orebro-city\/"},{"@type":"ListItem","position":2,"name":"Stj\u00e4rnkliniken \u00d6rebro \u2b50 KIF \u00d6rebro"}]},{"@type":"WebSite","@id":"https:\/\/www.stjarnkliniken.com\/orebro-city\/#website","url":"https:\/\/www.stjarnkliniken.com\/orebro-city\/","name":"\u00d6rebro City","description":"Stj\u00e4rnkliniken: Naprapati &amp; massage - ingen v\u00e4ntetid, ingen remiss!","potentialAction":[{"@type":"SearchAction","target":{"@type":"EntryPoint","urlTemplate":"https:\/\/www.stjarnkliniken.com\/orebro-city\/?s={search_term_string}"},"query-input":"required name=search_term_string"}],"inLanguage":"sv-SE"},{"@type":"Person","@id":"https:\/\/www.stjarnkliniken.com\/orebro-city\/#\/schema\/person\/ac534793ccb7ce889caaf710030f54bb","name":"sarajansson","image":{"@type":"ImageObject","inLanguage":"sv-SE","@id":"https:\/\/www.stjarnkliniken.com\/orebro-city\/#\/schema\/person\/image\/","url":"https:\/\/secure.gravatar.com\/avatar\/d1ee6dabe347fdfb993e8540ecb18dfc0ac51554ee4ffc5f56e5d44996a689f8?s=96&d=mm&r=g","contentUrl":"https:\/\/secure.gravatar.com\/avatar\/d1ee6dabe347fdfb993e8540ecb18dfc0ac51554ee4ffc5f56e5d44996a689f8?s=96&d=mm&r=g","caption":"sarajansson"},"url":"https:\/\/www.stjarnkliniken.com\/orebro-city\/blogg\/author\/sarajansson\/"}]}},"_links":{"self":[{"href":"https:\/\/www.stjarnkliniken.com\/orebro-city\/wp-json\/wp\/v2\/posts\/9822","targetHints":{"allow":["GET"]}}],"collection":[{"href":"https:\/\/www.stjarnkliniken.com\/orebro-city\/wp-json\/wp\/v2\/posts"}],"about":[{"href":"https:\/\/www.stjarnkliniken.com\/orebro-city\/wp-json\/wp\/v2\/types\/post"}],"author":[{"embeddable":true,"href":"https:\/\/www.stjarnkliniken.com\/orebro-city\/wp-json\/wp\/v2\/users\/21"}],"replies":[{"embeddable":true,"href":"https:\/\/www.stjarnkliniken.com\/orebro-city\/wp-json\/wp\/v2\/comments?post=9822"}],"version-history":[{"count":1,"href":"https:\/\/www.stjarnkliniken.com\/orebro-city\/wp-json\/wp\/v2\/posts\/9822\/revisions"}],"predecessor-version":[{"id":9826,"href":"https:\/\/www.stjarnkliniken.com\/orebro-city\/wp-json\/wp\/v2\/posts\/9822\/revisions\/9826"}],"wp:featuredmedia":[{"embeddable":true,"href":"https:\/\/www.stjarnkliniken.com\/orebro-city\/wp-json\/wp\/v2\/media\/9824"}],"wp:attachment":[{"href":"https:\/\/www.stjarnkliniken.com\/orebro-city\/wp-json\/wp\/v2\/media?parent=9822"}],"wp:term":[{"taxonomy":"category","embeddable":true,"href":"https:\/\/www.stjarnkliniken.com\/orebro-city\/wp-json\/wp\/v2\/categories?post=9822"},{"taxonomy":"post_tag","embeddable":true,"href":"https:\/\/www.stjarnkliniken.com\/orebro-city\/wp-json\/wp\/v2\/tags?post=9822"}],"curies":[{"name":"wp","href":"https:\/\/api.w.org\/{rel}","templated":true}]}}