{"id":9080,"date":"2023-02-24T11:12:54","date_gmt":"2023-02-24T11:12:54","guid":{"rendered":"https:\/\/www.stjarnkliniken.com\/orebro-city\/?p=9080"},"modified":"2023-02-28T14:53:17","modified_gmt":"2023-02-28T14:53:17","slug":"nytt-samarbete-med-kif-orebro","status":"publish","type":"post","link":"https:\/\/www.stjarnkliniken.com\/orebro-city\/blogg\/nytt-samarbete-med-kif-orebro\/","title":{"rendered":"Nytt samarbete med KIF \u00d6rebro"},"content":{"rendered":"\n<p>Stj\u00e4rnkliniken \u00e4r mycket glada f\u00f6r f\u00f6rtroendet att f\u00e5 p\u00e5b\u00f6rja ett samarbete med KIF \u00d6rebro. Detta samarbete \u00e4r ig\u00e5ng redan nu i februari och str\u00e4cker sig fram till sommaren.<\/p>\n\n\n\n<p>Ida Hylander, Cert.medicinsk massageterapeut hos oss kommer behandla damlagets fotbollsspelare p\u00e5 v\u00e5r klinik i \u00d6rebro varje vecka, vi kommer dessutom hj\u00e4lpa samtliga medlemmar hos KIF \u00d6rebro vid behov.<\/p>\n\n\n\n<p>Vi \u00e4r glada \u00f6ver att kunna st\u00e4rka f\u00f6reningslivet och v\u00e5r position p\u00e5 marknaden i \u00d6rebro och ser med gl\u00e4dje fram emot att hj\u00e4lpa damlaget fram\u00e5t p\u00e5 resan!<\/p>\n\n\n\n<figure class=\"wp-block-image size-large is-resized\"><img loading=\"lazy\" decoding=\"async\" src=\"https:\/\/www.stjarnkliniken.com\/img-srv\/kA4cUW8W5zh4x7p2HAMEMykRfTAshTBBwIsJr5g-5WQ\/resizing_type:auto\/width:0\/height:1024\/gravity:sm\/enlarge:1\/ext:jpg\/strip_metadata:1\/quality:80\/bG9jYWw6Ly8vc3RqYXJua2xpbmlrZW4vd3d3LnN0amFybmtsaW5pa2VuLmNvbS93cC1jb250ZW50L3VwbG9hZHMvc2l0ZXMvMTQvMjAyMy8wMi8yMDIzMDIyMl8xMTIxNDQtc2NhbGVkLmpwZw.jpg\" alt=\"\" class=\"wp-image-9089\" width=\"467\" height=\"623\"\/><\/figure>\n\n\n\n<p><em>P\u00e5 bilden ser ni v\u00e5r Cert.medicinska massageterapeut Ida Hylander och Maja Regn\u00e5s Valcic, spelare i KIF \u00d6rebro dam.<\/em><\/p>\n","protected":false},"excerpt":{"rendered":"<p>Stj\u00e4rnkliniken \u00e4r mycket glada f\u00f6r f\u00f6rtroendet att f\u00e5 p\u00e5b\u00f6rja ett samarbete med KIF \u00d6rebro. Detta samarbete \u00e4r ig\u00e5ng redan nu i februari och str\u00e4cker sig fram till sommaren<\/p>\n","protected":false},"author":2,"featured_media":9084,"comment_status":"closed","ping_status":"closed","sticky":false,"template":"","format":"standard","meta":{"_acf_changed":false,"mc4wp_mailchimp_campaign":[],"footnotes":""},"categories":[1],"tags":[],"class_list":["post-9080","post","type-post","status-publish","format-standard","has-post-thumbnail","hentry","category-nyheter"],"acf":[],"yoast_head":"<!-- This site is optimized with the Yoast SEO Premium plugin v22.6 (Yoast SEO v22.6) - https:\/\/yoast.com\/wordpress\/plugins\/seo\/ -->\n<title>Nytt samarbete med KIF \u00d6rebro - \u00d6rebro City<\/title>\n<meta name=\"description\" content=\"Stj\u00e4rnkliniken \u00e4r mycket glada f\u00f6r f\u00f6rtroendet att f\u00e5 p\u00e5b\u00f6rja ett samarbete med KIF \u00d6rebro. Detta samarbete \u00e4r ig\u00e5ng redan nu i februari.\" \/>\n<meta name=\"robots\" content=\"index, follow, max-snippet:-1, max-image-preview:large, max-video-preview:-1\" \/>\n<link rel=\"canonical\" href=\"https:\/\/www.stjarnkliniken.com\/orebro-city\/blogg\/nytt-samarbete-med-kif-orebro\/\" \/>\n<meta property=\"og:locale\" content=\"sv_SE\" \/>\n<meta property=\"og:type\" content=\"article\" \/>\n<meta property=\"og:title\" content=\"Nytt samarbete med KIF \u00d6rebro\" \/>\n<meta property=\"og:description\" content=\"Stj\u00e4rnkliniken \u00e4r mycket glada f\u00f6r f\u00f6rtroendet att f\u00e5 p\u00e5b\u00f6rja ett samarbete med KIF \u00d6rebro. Detta samarbete \u00e4r ig\u00e5ng redan nu i februari.\" \/>\n<meta property=\"og:url\" content=\"https:\/\/www.stjarnkliniken.com\/orebro-city\/blogg\/nytt-samarbete-med-kif-orebro\/\" \/>\n<meta property=\"og:site_name\" content=\"\u00d6rebro City\" \/>\n<meta property=\"article:published_time\" content=\"2023-02-24T11:12:54+00:00\" \/>\n<meta property=\"article:modified_time\" content=\"2023-02-28T14:53:17+00:00\" \/>\n<meta property=\"og:image\" content=\"https:\/\/www.stjarnkliniken.com\/orebro-city\/wp-content\/uploads\/sites\/14\/2023\/02\/20230222_112235-1200x630.jpg\" \/>\n\t<meta property=\"og:image:width\" content=\"1200\" \/>\n\t<meta property=\"og:image:height\" content=\"630\" \/>\n\t<meta property=\"og:image:type\" content=\"image\/jpeg\" \/>\n<meta name=\"author\" content=\"lovisa\" \/>\n<meta name=\"twitter:card\" content=\"summary_large_image\" \/>\n<meta name=\"twitter:label1\" content=\"Skriven av\" \/>\n\t<meta name=\"twitter:data1\" content=\"lovisa\" \/>\n\t<meta name=\"twitter:label2\" content=\"Ber\u00e4knad l\u00e4stid\" \/>\n\t<meta name=\"twitter:data2\" content=\"1 minut\" \/>\n<script type=\"application\/ld+json\" class=\"yoast-schema-graph\">{\"@context\":\"https:\/\/schema.org\",\"@graph\":[{\"@type\":\"WebPage\",\"@id\":\"https:\/\/www.stjarnkliniken.com\/orebro-city\/blogg\/nytt-samarbete-med-kif-orebro\/\",\"url\":\"https:\/\/www.stjarnkliniken.com\/orebro-city\/blogg\/nytt-samarbete-med-kif-orebro\/\",\"name\":\"Nytt samarbete med KIF \u00d6rebro - \u00d6rebro City\",\"isPartOf\":{\"@id\":\"https:\/\/www.stjarnkliniken.com\/orebro-city\/#website\"},\"primaryImageOfPage\":{\"@id\":\"https:\/\/www.stjarnkliniken.com\/orebro-city\/blogg\/nytt-samarbete-med-kif-orebro\/#primaryimage\"},\"image\":{\"@id\":\"https:\/\/www.stjarnkliniken.com\/orebro-city\/blogg\/nytt-samarbete-med-kif-orebro\/#primaryimage\"},\"thumbnailUrl\":\"https:\/\/www.stjarnkliniken.com\/orebro-city\/wp-content\/uploads\/sites\/14\/2023\/02\/20230222_112235-scaled.jpg\",\"datePublished\":\"2023-02-24T11:12:54+00:00\",\"dateModified\":\"2023-02-28T14:53:17+00:00\",\"author\":{\"@id\":\"https:\/\/www.stjarnkliniken.com\/orebro-city\/#\/schema\/person\/da4688df27f10386655463b3931e9083\"},\"description\":\"Stj\u00e4rnkliniken \u00e4r mycket glada f\u00f6r f\u00f6rtroendet att f\u00e5 p\u00e5b\u00f6rja ett samarbete med KIF \u00d6rebro. Detta samarbete \u00e4r ig\u00e5ng redan nu i februari.\",\"breadcrumb\":{\"@id\":\"https:\/\/www.stjarnkliniken.com\/orebro-city\/blogg\/nytt-samarbete-med-kif-orebro\/#breadcrumb\"},\"inLanguage\":\"sv-SE\",\"potentialAction\":[{\"@type\":\"ReadAction\",\"target\":[\"https:\/\/www.stjarnkliniken.com\/orebro-city\/blogg\/nytt-samarbete-med-kif-orebro\/\"]}]},{\"@type\":\"ImageObject\",\"inLanguage\":\"sv-SE\",\"@id\":\"https:\/\/www.stjarnkliniken.com\/orebro-city\/blogg\/nytt-samarbete-med-kif-orebro\/#primaryimage\",\"url\":\"https:\/\/www.stjarnkliniken.com\/orebro-city\/wp-content\/uploads\/sites\/14\/2023\/02\/20230222_112235-scaled.jpg\",\"contentUrl\":\"https:\/\/www.stjarnkliniken.com\/orebro-city\/wp-content\/uploads\/sites\/14\/2023\/02\/20230222_112235-scaled.jpg\",\"width\":2560,\"height\":1216},{\"@type\":\"BreadcrumbList\",\"@id\":\"https:\/\/www.stjarnkliniken.com\/orebro-city\/blogg\/nytt-samarbete-med-kif-orebro\/#breadcrumb\",\"itemListElement\":[{\"@type\":\"ListItem\",\"position\":1,\"name\":\"Hem\",\"item\":\"https:\/\/www.stjarnkliniken.com\/orebro-city\/\"},{\"@type\":\"ListItem\",\"position\":2,\"name\":\"Nytt samarbete med KIF \u00d6rebro\"}]},{\"@type\":\"WebSite\",\"@id\":\"https:\/\/www.stjarnkliniken.com\/orebro-city\/#website\",\"url\":\"https:\/\/www.stjarnkliniken.com\/orebro-city\/\",\"name\":\"\u00d6rebro City\",\"description\":\"Stj\u00e4rnkliniken: Naprapati &amp; massage - ingen v\u00e4ntetid, ingen remiss!\",\"potentialAction\":[{\"@type\":\"SearchAction\",\"target\":{\"@type\":\"EntryPoint\",\"urlTemplate\":\"https:\/\/www.stjarnkliniken.com\/orebro-city\/?s={search_term_string}\"},\"query-input\":\"required name=search_term_string\"}],\"inLanguage\":\"sv-SE\"},{\"@type\":\"Person\",\"@id\":\"https:\/\/www.stjarnkliniken.com\/orebro-city\/#\/schema\/person\/da4688df27f10386655463b3931e9083\",\"name\":\"lovisa\",\"image\":{\"@type\":\"ImageObject\",\"inLanguage\":\"sv-SE\",\"@id\":\"https:\/\/www.stjarnkliniken.com\/orebro-city\/#\/schema\/person\/image\/\",\"url\":\"https:\/\/secure.gravatar.com\/avatar\/61bd268b045cfeca2c0cd45d57417d536d8b6fd814b544bcebf8f2205e44a100?s=96&d=mm&r=g\",\"contentUrl\":\"https:\/\/secure.gravatar.com\/avatar\/61bd268b045cfeca2c0cd45d57417d536d8b6fd814b544bcebf8f2205e44a100?s=96&d=mm&r=g\",\"caption\":\"lovisa\"},\"url\":\"https:\/\/www.stjarnkliniken.com\/orebro-city\/blogg\/author\/lovisa\/\"}]}<\/script>\n<!-- \/ Yoast SEO Premium plugin. -->","yoast_head_json":{"title":"Nytt samarbete med KIF \u00d6rebro - \u00d6rebro City","description":"Stj\u00e4rnkliniken \u00e4r mycket glada f\u00f6r f\u00f6rtroendet att f\u00e5 p\u00e5b\u00f6rja ett samarbete med KIF \u00d6rebro. Detta samarbete \u00e4r ig\u00e5ng redan nu i februari.","robots":{"index":"index","follow":"follow","max-snippet":"max-snippet:-1","max-image-preview":"max-image-preview:large","max-video-preview":"max-video-preview:-1"},"canonical":"https:\/\/www.stjarnkliniken.com\/orebro-city\/blogg\/nytt-samarbete-med-kif-orebro\/","og_locale":"sv_SE","og_type":"article","og_title":"Nytt samarbete med KIF \u00d6rebro","og_description":"Stj\u00e4rnkliniken \u00e4r mycket glada f\u00f6r f\u00f6rtroendet att f\u00e5 p\u00e5b\u00f6rja ett samarbete med KIF \u00d6rebro. Detta samarbete \u00e4r ig\u00e5ng redan nu i februari.","og_url":"https:\/\/www.stjarnkliniken.com\/orebro-city\/blogg\/nytt-samarbete-med-kif-orebro\/","og_site_name":"\u00d6rebro City","article_published_time":"2023-02-24T11:12:54+00:00","article_modified_time":"2023-02-28T14:53:17+00:00","og_image":[{"width":1200,"height":630,"url":"https:\/\/www.stjarnkliniken.com\/orebro-city\/wp-content\/uploads\/sites\/14\/2023\/02\/20230222_112235-1200x630.jpg","type":"image\/jpeg"}],"author":"lovisa","twitter_card":"summary_large_image","twitter_misc":{"Skriven av":"lovisa","Ber\u00e4knad l\u00e4stid":"1 minut"},"schema":{"@context":"https:\/\/schema.org","@graph":[{"@type":"WebPage","@id":"https:\/\/www.stjarnkliniken.com\/orebro-city\/blogg\/nytt-samarbete-med-kif-orebro\/","url":"https:\/\/www.stjarnkliniken.com\/orebro-city\/blogg\/nytt-samarbete-med-kif-orebro\/","name":"Nytt samarbete med KIF \u00d6rebro - \u00d6rebro City","isPartOf":{"@id":"https:\/\/www.stjarnkliniken.com\/orebro-city\/#website"},"primaryImageOfPage":{"@id":"https:\/\/www.stjarnkliniken.com\/orebro-city\/blogg\/nytt-samarbete-med-kif-orebro\/#primaryimage"},"image":{"@id":"https:\/\/www.stjarnkliniken.com\/orebro-city\/blogg\/nytt-samarbete-med-kif-orebro\/#primaryimage"},"thumbnailUrl":"https:\/\/www.stjarnkliniken.com\/orebro-city\/wp-content\/uploads\/sites\/14\/2023\/02\/20230222_112235-scaled.jpg","datePublished":"2023-02-24T11:12:54+00:00","dateModified":"2023-02-28T14:53:17+00:00","author":{"@id":"https:\/\/www.stjarnkliniken.com\/orebro-city\/#\/schema\/person\/da4688df27f10386655463b3931e9083"},"description":"Stj\u00e4rnkliniken \u00e4r mycket glada f\u00f6r f\u00f6rtroendet att f\u00e5 p\u00e5b\u00f6rja ett samarbete med KIF \u00d6rebro. Detta samarbete \u00e4r ig\u00e5ng redan nu i februari.","breadcrumb":{"@id":"https:\/\/www.stjarnkliniken.com\/orebro-city\/blogg\/nytt-samarbete-med-kif-orebro\/#breadcrumb"},"inLanguage":"sv-SE","potentialAction":[{"@type":"ReadAction","target":["https:\/\/www.stjarnkliniken.com\/orebro-city\/blogg\/nytt-samarbete-med-kif-orebro\/"]}]},{"@type":"ImageObject","inLanguage":"sv-SE","@id":"https:\/\/www.stjarnkliniken.com\/orebro-city\/blogg\/nytt-samarbete-med-kif-orebro\/#primaryimage","url":"https:\/\/www.stjarnkliniken.com\/orebro-city\/wp-content\/uploads\/sites\/14\/2023\/02\/20230222_112235-scaled.jpg","contentUrl":"https:\/\/www.stjarnkliniken.com\/orebro-city\/wp-content\/uploads\/sites\/14\/2023\/02\/20230222_112235-scaled.jpg","width":2560,"height":1216},{"@type":"BreadcrumbList","@id":"https:\/\/www.stjarnkliniken.com\/orebro-city\/blogg\/nytt-samarbete-med-kif-orebro\/#breadcrumb","itemListElement":[{"@type":"ListItem","position":1,"name":"Hem","item":"https:\/\/www.stjarnkliniken.com\/orebro-city\/"},{"@type":"ListItem","position":2,"name":"Nytt samarbete med KIF \u00d6rebro"}]},{"@type":"WebSite","@id":"https:\/\/www.stjarnkliniken.com\/orebro-city\/#website","url":"https:\/\/www.stjarnkliniken.com\/orebro-city\/","name":"\u00d6rebro City","description":"Stj\u00e4rnkliniken: Naprapati &amp; massage - ingen v\u00e4ntetid, ingen remiss!","potentialAction":[{"@type":"SearchAction","target":{"@type":"EntryPoint","urlTemplate":"https:\/\/www.stjarnkliniken.com\/orebro-city\/?s={search_term_string}"},"query-input":"required name=search_term_string"}],"inLanguage":"sv-SE"},{"@type":"Person","@id":"https:\/\/www.stjarnkliniken.com\/orebro-city\/#\/schema\/person\/da4688df27f10386655463b3931e9083","name":"lovisa","image":{"@type":"ImageObject","inLanguage":"sv-SE","@id":"https:\/\/www.stjarnkliniken.com\/orebro-city\/#\/schema\/person\/image\/","url":"https:\/\/secure.gravatar.com\/avatar\/61bd268b045cfeca2c0cd45d57417d536d8b6fd814b544bcebf8f2205e44a100?s=96&d=mm&r=g","contentUrl":"https:\/\/secure.gravatar.com\/avatar\/61bd268b045cfeca2c0cd45d57417d536d8b6fd814b544bcebf8f2205e44a100?s=96&d=mm&r=g","caption":"lovisa"},"url":"https:\/\/www.stjarnkliniken.com\/orebro-city\/blogg\/author\/lovisa\/"}]}},"_links":{"self":[{"href":"https:\/\/www.stjarnkliniken.com\/orebro-city\/wp-json\/wp\/v2\/posts\/9080","targetHints":{"allow":["GET"]}}],"collection":[{"href":"https:\/\/www.stjarnkliniken.com\/orebro-city\/wp-json\/wp\/v2\/posts"}],"about":[{"href":"https:\/\/www.stjarnkliniken.com\/orebro-city\/wp-json\/wp\/v2\/types\/post"}],"author":[{"embeddable":true,"href":"https:\/\/www.stjarnkliniken.com\/orebro-city\/wp-json\/wp\/v2\/users\/2"}],"replies":[{"embeddable":true,"href":"https:\/\/www.stjarnkliniken.com\/orebro-city\/wp-json\/wp\/v2\/comments?post=9080"}],"version-history":[{"count":5,"href":"https:\/\/www.stjarnkliniken.com\/orebro-city\/wp-json\/wp\/v2\/posts\/9080\/revisions"}],"predecessor-version":[{"id":9101,"href":"https:\/\/www.stjarnkliniken.com\/orebro-city\/wp-json\/wp\/v2\/posts\/9080\/revisions\/9101"}],"wp:featuredmedia":[{"embeddable":true,"href":"https:\/\/www.stjarnkliniken.com\/orebro-city\/wp-json\/wp\/v2\/media\/9084"}],"wp:attachment":[{"href":"https:\/\/www.stjarnkliniken.com\/orebro-city\/wp-json\/wp\/v2\/media?parent=9080"}],"wp:term":[{"taxonomy":"category","embeddable":true,"href":"https:\/\/www.stjarnkliniken.com\/orebro-city\/wp-json\/wp\/v2\/categories?post=9080"},{"taxonomy":"post_tag","embeddable":true,"href":"https:\/\/www.stjarnkliniken.com\/orebro-city\/wp-json\/wp\/v2\/tags?post=9080"}],"curies":[{"name":"wp","href":"https:\/\/api.w.org\/{rel}","templated":true}]}}