{"id":5409,"date":"2020-09-08T08:54:50","date_gmt":"2020-09-08T06:54:50","guid":{"rendered":"https:\/\/www.stjarnkliniken.com\/?p=5409"},"modified":"2020-09-08T08:54:50","modified_gmt":"2020-09-08T06:54:50","slug":"stjarnkliniken-oppnar-i-orebro","status":"publish","type":"post","link":"https:\/\/www.stjarnkliniken.com\/orebro-city\/blogg\/stjarnkliniken-oppnar-i-orebro\/","title":{"rendered":"Stj\u00e4rnkliniken \u00f6ppnar i \u00d6rebro"},"content":{"rendered":"<h4><strong>Stj\u00e4rnkliniken expanderar och \u00f6ppnar sin f\u00f6rsta klinik i N\u00e4rke. <\/strong><strong>Resan mot ett friskare Sverige forts\u00e4tter i takt med att Stj\u00e4rnkliniken ut\u00f6kar med ytterligare en klinik i h\u00f6st, denna i \u00d6rebro. Stj\u00e4rnkliniken \u00e4r ett team av specialister inom manuell medicin som anlitas av f\u00f6retag, privatpersoner, f\u00f6rs\u00e4kringsbolag och f\u00f6reningar.<\/strong><\/h4>\n<p>Stj\u00e4rnkliniken \u00e4r teamet best\u00e5ende av certifierade och legitimerade terapeuter med kvalitet, trygghet och kompetens i fokus som erbjuder en stor bredd av kompetenser vilket skapar alla m\u00f6jligheter att f\u00f6rebygga, optimera eller behandla. M\u00e5let \u00e4r alltid att p\u00e5 snabbast m\u00f6jliga s\u00e4tt f\u00e5 patienten att komma tillbaka till samma niv\u00e5 som innan skadan &#8211; eller \u00e4nnu l\u00e4ngre!<\/p>\n<p>I dagsl\u00e4get finns Stj\u00e4rnkliniken i sex st\u00e4der och nu \u00e4r det \u00e5terigen dags att \u00f6ppna en till klinik, med visionen om ett friskare Sverige. Klinikchef f\u00f6r Stj\u00e4rnkliniken i \u00d6rebro kommer till en b\u00f6rjan att vara Markus Hast som \u00e4ven \u00e4r VD f\u00f6r Stj\u00e4rnkliniken. Markus har bland annat meriter som Tre Kronors naprapat de tv\u00e5 senaste VM-turneringar. Direkt in i teamet kommer den erfarne och lokalt k\u00e4nda Leg.naprapaten Johnny Sellv\u00e9n att finnas p\u00e5 kliniken.<\/p>\n<p><strong>Region \u00d6rebro l\u00e4n<\/strong><br \/>\nP\u00e5 Stj\u00e4rnkliniken i \u00d6rebro finns \u00e4ven m\u00f6jlighet att bes\u00f6ka Johnny Leg.naprapat inom avtalet f\u00f6r Region \u00d6rebro l\u00e4n. Detta g\u00e4ller vid olika typer av besv\u00e4r relaterade fr\u00e5n ryggraden. Stj\u00e4rnkliniken hittar ni p\u00e5 V\u00e5ghustorget 3 i \u00d6rebro city d\u00e4r Johnny redan har hj\u00e4lpt m\u00e5nga de senaste 7 \u00e5ren.<\/p>\n<p><em>-Ambitionen \u00e4r att hitta en \u00e4nnu st\u00f6rre lokal i city s\u00e5 att vi kan bygga ut teamet med ytterligare spetskompetens inom manuell medicin, s\u00e4ger Markus och forts\u00e4tter,<\/em><br \/>\n<em>-\u00d6rebro \u00e4r en expansiv stad som \u00e4ven geografiskt passar oss v\u00e4ldigt bra. Vi gillar idrottslivet och fram\u00e5tandan i staden. Johnny \u00e4r en stj\u00e4rna som vi vill forts\u00e4tta bygga teamet kring. Vi ser fram emot vad vi kan erbjuda \u00d6rebro, avslutar Markus Hast.<\/em><\/p>\n<p>&nbsp;<\/p>\n<p>Fotograf: Fredrik Kell\u00e9n, \u00d6rebro kommun<\/p>\n","protected":false},"excerpt":{"rendered":"<p>Stj\u00e4rnkliniken expanderar och \u00f6ppnar sin f\u00f6rsta klinik i N\u00e4rke.. Resan mot ett friskare Sverige forts\u00e4tter i takt med att Stj\u00e4rnkliniken ut\u00f6kar med ytterligare en klinik i h\u00f6st denna i \u00d6rebro<\/p>\n","protected":false},"author":2,"featured_media":5410,"comment_status":"open","ping_status":"open","sticky":false,"template":"","format":"standard","meta":{"_acf_changed":false,"mc4wp_mailchimp_campaign":[],"footnotes":""},"categories":[1],"tags":[],"class_list":["post-5409","post","type-post","status-publish","format-standard","has-post-thumbnail","hentry","category-nyheter"],"acf":[],"yoast_head":"<!-- This site is optimized with the Yoast SEO Premium plugin v22.6 (Yoast SEO v22.6) - https:\/\/yoast.com\/wordpress\/plugins\/seo\/ -->\n<title>Stj\u00e4rnkliniken \u00f6ppnar i \u00d6rebro - \u00d6rebro City<\/title>\n<meta name=\"robots\" content=\"index, follow, max-snippet:-1, max-image-preview:large, max-video-preview:-1\" \/>\n<link rel=\"canonical\" href=\"https:\/\/www.stjarnkliniken.com\/orebro-city\/blogg\/stjarnkliniken-oppnar-i-orebro\/\" \/>\n<meta property=\"og:locale\" content=\"sv_SE\" \/>\n<meta property=\"og:type\" content=\"article\" \/>\n<meta property=\"og:title\" content=\"Stj\u00e4rnkliniken \u00f6ppnar i \u00d6rebro\" \/>\n<meta property=\"og:description\" content=\"Stj\u00e4rnkliniken expanderar och \u00f6ppnar sin f\u00f6rsta klinik i N\u00e4rke.. Resan mot ett friskare Sverige forts\u00e4tter i takt med att Stj\u00e4rnkliniken ut\u00f6kar med ytterligare en klinik i h\u00f6st denna i \u00d6rebro\" \/>\n<meta property=\"og:url\" content=\"https:\/\/www.stjarnkliniken.com\/orebro-city\/blogg\/stjarnkliniken-oppnar-i-orebro\/\" \/>\n<meta property=\"og:site_name\" content=\"\u00d6rebro City\" \/>\n<meta property=\"article:published_time\" content=\"2020-09-08T06:54:50+00:00\" \/>\n<meta property=\"og:image\" content=\"https:\/\/www.stjarnkliniken.com\/orebro-city\/wp-content\/uploads\/sites\/14\/2020\/08\/occ88rebro-1200x630.jpeg\" \/>\n\t<meta property=\"og:image:width\" content=\"1200\" \/>\n\t<meta property=\"og:image:height\" content=\"630\" \/>\n\t<meta property=\"og:image:type\" content=\"image\/jpeg\" \/>\n<meta name=\"author\" content=\"lovisa\" \/>\n<meta name=\"twitter:card\" content=\"summary_large_image\" \/>\n<meta name=\"twitter:label1\" content=\"Skriven av\" \/>\n\t<meta name=\"twitter:data1\" content=\"lovisa\" \/>\n\t<meta name=\"twitter:label2\" content=\"Ber\u00e4knad l\u00e4stid\" \/>\n\t<meta name=\"twitter:data2\" content=\"2 minuter\" \/>\n<script type=\"application\/ld+json\" class=\"yoast-schema-graph\">{\"@context\":\"https:\/\/schema.org\",\"@graph\":[{\"@type\":\"WebPage\",\"@id\":\"https:\/\/www.stjarnkliniken.com\/orebro-city\/blogg\/stjarnkliniken-oppnar-i-orebro\/\",\"url\":\"https:\/\/www.stjarnkliniken.com\/orebro-city\/blogg\/stjarnkliniken-oppnar-i-orebro\/\",\"name\":\"Stj\u00e4rnkliniken \u00f6ppnar i \u00d6rebro - \u00d6rebro City\",\"isPartOf\":{\"@id\":\"https:\/\/www.stjarnkliniken.com\/orebro-city\/#website\"},\"primaryImageOfPage\":{\"@id\":\"https:\/\/www.stjarnkliniken.com\/orebro-city\/blogg\/stjarnkliniken-oppnar-i-orebro\/#primaryimage\"},\"image\":{\"@id\":\"https:\/\/www.stjarnkliniken.com\/orebro-city\/blogg\/stjarnkliniken-oppnar-i-orebro\/#primaryimage\"},\"thumbnailUrl\":\"https:\/\/www.stjarnkliniken.com\/orebro-city\/wp-content\/uploads\/sites\/14\/2020\/08\/occ88rebro-scaled.jpeg\",\"datePublished\":\"2020-09-08T06:54:50+00:00\",\"dateModified\":\"2020-09-08T06:54:50+00:00\",\"author\":{\"@id\":\"https:\/\/www.stjarnkliniken.com\/orebro-city\/#\/schema\/person\/da4688df27f10386655463b3931e9083\"},\"breadcrumb\":{\"@id\":\"https:\/\/www.stjarnkliniken.com\/orebro-city\/blogg\/stjarnkliniken-oppnar-i-orebro\/#breadcrumb\"},\"inLanguage\":\"sv-SE\",\"potentialAction\":[{\"@type\":\"ReadAction\",\"target\":[\"https:\/\/www.stjarnkliniken.com\/orebro-city\/blogg\/stjarnkliniken-oppnar-i-orebro\/\"]}]},{\"@type\":\"ImageObject\",\"inLanguage\":\"sv-SE\",\"@id\":\"https:\/\/www.stjarnkliniken.com\/orebro-city\/blogg\/stjarnkliniken-oppnar-i-orebro\/#primaryimage\",\"url\":\"https:\/\/www.stjarnkliniken.com\/orebro-city\/wp-content\/uploads\/sites\/14\/2020\/08\/occ88rebro-scaled.jpeg\",\"contentUrl\":\"https:\/\/www.stjarnkliniken.com\/orebro-city\/wp-content\/uploads\/sites\/14\/2020\/08\/occ88rebro-scaled.jpeg\",\"width\":2560,\"height\":1702,\"caption\":\"Slottet\"},{\"@type\":\"BreadcrumbList\",\"@id\":\"https:\/\/www.stjarnkliniken.com\/orebro-city\/blogg\/stjarnkliniken-oppnar-i-orebro\/#breadcrumb\",\"itemListElement\":[{\"@type\":\"ListItem\",\"position\":1,\"name\":\"Hem\",\"item\":\"https:\/\/www.stjarnkliniken.com\/orebro-city\/\"},{\"@type\":\"ListItem\",\"position\":2,\"name\":\"Stj\u00e4rnkliniken \u00f6ppnar i \u00d6rebro\"}]},{\"@type\":\"WebSite\",\"@id\":\"https:\/\/www.stjarnkliniken.com\/orebro-city\/#website\",\"url\":\"https:\/\/www.stjarnkliniken.com\/orebro-city\/\",\"name\":\"\u00d6rebro City\",\"description\":\"Stj\u00e4rnkliniken: Naprapati &amp; massage - ingen v\u00e4ntetid, ingen remiss!\",\"potentialAction\":[{\"@type\":\"SearchAction\",\"target\":{\"@type\":\"EntryPoint\",\"urlTemplate\":\"https:\/\/www.stjarnkliniken.com\/orebro-city\/?s={search_term_string}\"},\"query-input\":\"required name=search_term_string\"}],\"inLanguage\":\"sv-SE\"},{\"@type\":\"Person\",\"@id\":\"https:\/\/www.stjarnkliniken.com\/orebro-city\/#\/schema\/person\/da4688df27f10386655463b3931e9083\",\"name\":\"lovisa\",\"image\":{\"@type\":\"ImageObject\",\"inLanguage\":\"sv-SE\",\"@id\":\"https:\/\/www.stjarnkliniken.com\/orebro-city\/#\/schema\/person\/image\/\",\"url\":\"https:\/\/secure.gravatar.com\/avatar\/61bd268b045cfeca2c0cd45d57417d536d8b6fd814b544bcebf8f2205e44a100?s=96&d=mm&r=g\",\"contentUrl\":\"https:\/\/secure.gravatar.com\/avatar\/61bd268b045cfeca2c0cd45d57417d536d8b6fd814b544bcebf8f2205e44a100?s=96&d=mm&r=g\",\"caption\":\"lovisa\"},\"url\":\"https:\/\/www.stjarnkliniken.com\/orebro-city\/blogg\/author\/lovisa\/\"}]}<\/script>\n<!-- \/ Yoast SEO Premium plugin. -->","yoast_head_json":{"title":"Stj\u00e4rnkliniken \u00f6ppnar i \u00d6rebro - \u00d6rebro City","robots":{"index":"index","follow":"follow","max-snippet":"max-snippet:-1","max-image-preview":"max-image-preview:large","max-video-preview":"max-video-preview:-1"},"canonical":"https:\/\/www.stjarnkliniken.com\/orebro-city\/blogg\/stjarnkliniken-oppnar-i-orebro\/","og_locale":"sv_SE","og_type":"article","og_title":"Stj\u00e4rnkliniken \u00f6ppnar i \u00d6rebro","og_description":"Stj\u00e4rnkliniken expanderar och \u00f6ppnar sin f\u00f6rsta klinik i N\u00e4rke.. Resan mot ett friskare Sverige forts\u00e4tter i takt med att Stj\u00e4rnkliniken ut\u00f6kar med ytterligare en klinik i h\u00f6st denna i \u00d6rebro","og_url":"https:\/\/www.stjarnkliniken.com\/orebro-city\/blogg\/stjarnkliniken-oppnar-i-orebro\/","og_site_name":"\u00d6rebro City","article_published_time":"2020-09-08T06:54:50+00:00","og_image":[{"width":1200,"height":630,"url":"https:\/\/www.stjarnkliniken.com\/orebro-city\/wp-content\/uploads\/sites\/14\/2020\/08\/occ88rebro-1200x630.jpeg","type":"image\/jpeg"}],"author":"lovisa","twitter_card":"summary_large_image","twitter_misc":{"Skriven av":"lovisa","Ber\u00e4knad l\u00e4stid":"2 minuter"},"schema":{"@context":"https:\/\/schema.org","@graph":[{"@type":"WebPage","@id":"https:\/\/www.stjarnkliniken.com\/orebro-city\/blogg\/stjarnkliniken-oppnar-i-orebro\/","url":"https:\/\/www.stjarnkliniken.com\/orebro-city\/blogg\/stjarnkliniken-oppnar-i-orebro\/","name":"Stj\u00e4rnkliniken \u00f6ppnar i \u00d6rebro - \u00d6rebro City","isPartOf":{"@id":"https:\/\/www.stjarnkliniken.com\/orebro-city\/#website"},"primaryImageOfPage":{"@id":"https:\/\/www.stjarnkliniken.com\/orebro-city\/blogg\/stjarnkliniken-oppnar-i-orebro\/#primaryimage"},"image":{"@id":"https:\/\/www.stjarnkliniken.com\/orebro-city\/blogg\/stjarnkliniken-oppnar-i-orebro\/#primaryimage"},"thumbnailUrl":"https:\/\/www.stjarnkliniken.com\/orebro-city\/wp-content\/uploads\/sites\/14\/2020\/08\/occ88rebro-scaled.jpeg","datePublished":"2020-09-08T06:54:50+00:00","dateModified":"2020-09-08T06:54:50+00:00","author":{"@id":"https:\/\/www.stjarnkliniken.com\/orebro-city\/#\/schema\/person\/da4688df27f10386655463b3931e9083"},"breadcrumb":{"@id":"https:\/\/www.stjarnkliniken.com\/orebro-city\/blogg\/stjarnkliniken-oppnar-i-orebro\/#breadcrumb"},"inLanguage":"sv-SE","potentialAction":[{"@type":"ReadAction","target":["https:\/\/www.stjarnkliniken.com\/orebro-city\/blogg\/stjarnkliniken-oppnar-i-orebro\/"]}]},{"@type":"ImageObject","inLanguage":"sv-SE","@id":"https:\/\/www.stjarnkliniken.com\/orebro-city\/blogg\/stjarnkliniken-oppnar-i-orebro\/#primaryimage","url":"https:\/\/www.stjarnkliniken.com\/orebro-city\/wp-content\/uploads\/sites\/14\/2020\/08\/occ88rebro-scaled.jpeg","contentUrl":"https:\/\/www.stjarnkliniken.com\/orebro-city\/wp-content\/uploads\/sites\/14\/2020\/08\/occ88rebro-scaled.jpeg","width":2560,"height":1702,"caption":"Slottet"},{"@type":"BreadcrumbList","@id":"https:\/\/www.stjarnkliniken.com\/orebro-city\/blogg\/stjarnkliniken-oppnar-i-orebro\/#breadcrumb","itemListElement":[{"@type":"ListItem","position":1,"name":"Hem","item":"https:\/\/www.stjarnkliniken.com\/orebro-city\/"},{"@type":"ListItem","position":2,"name":"Stj\u00e4rnkliniken \u00f6ppnar i \u00d6rebro"}]},{"@type":"WebSite","@id":"https:\/\/www.stjarnkliniken.com\/orebro-city\/#website","url":"https:\/\/www.stjarnkliniken.com\/orebro-city\/","name":"\u00d6rebro City","description":"Stj\u00e4rnkliniken: Naprapati &amp; massage - ingen v\u00e4ntetid, ingen remiss!","potentialAction":[{"@type":"SearchAction","target":{"@type":"EntryPoint","urlTemplate":"https:\/\/www.stjarnkliniken.com\/orebro-city\/?s={search_term_string}"},"query-input":"required name=search_term_string"}],"inLanguage":"sv-SE"},{"@type":"Person","@id":"https:\/\/www.stjarnkliniken.com\/orebro-city\/#\/schema\/person\/da4688df27f10386655463b3931e9083","name":"lovisa","image":{"@type":"ImageObject","inLanguage":"sv-SE","@id":"https:\/\/www.stjarnkliniken.com\/orebro-city\/#\/schema\/person\/image\/","url":"https:\/\/secure.gravatar.com\/avatar\/61bd268b045cfeca2c0cd45d57417d536d8b6fd814b544bcebf8f2205e44a100?s=96&d=mm&r=g","contentUrl":"https:\/\/secure.gravatar.com\/avatar\/61bd268b045cfeca2c0cd45d57417d536d8b6fd814b544bcebf8f2205e44a100?s=96&d=mm&r=g","caption":"lovisa"},"url":"https:\/\/www.stjarnkliniken.com\/orebro-city\/blogg\/author\/lovisa\/"}]}},"_links":{"self":[{"href":"https:\/\/www.stjarnkliniken.com\/orebro-city\/wp-json\/wp\/v2\/posts\/5409","targetHints":{"allow":["GET"]}}],"collection":[{"href":"https:\/\/www.stjarnkliniken.com\/orebro-city\/wp-json\/wp\/v2\/posts"}],"about":[{"href":"https:\/\/www.stjarnkliniken.com\/orebro-city\/wp-json\/wp\/v2\/types\/post"}],"author":[{"embeddable":true,"href":"https:\/\/www.stjarnkliniken.com\/orebro-city\/wp-json\/wp\/v2\/users\/2"}],"replies":[{"embeddable":true,"href":"https:\/\/www.stjarnkliniken.com\/orebro-city\/wp-json\/wp\/v2\/comments?post=5409"}],"version-history":[{"count":0,"href":"https:\/\/www.stjarnkliniken.com\/orebro-city\/wp-json\/wp\/v2\/posts\/5409\/revisions"}],"wp:featuredmedia":[{"embeddable":true,"href":"https:\/\/www.stjarnkliniken.com\/orebro-city\/wp-json\/wp\/v2\/media\/5410"}],"wp:attachment":[{"href":"https:\/\/www.stjarnkliniken.com\/orebro-city\/wp-json\/wp\/v2\/media?parent=5409"}],"wp:term":[{"taxonomy":"category","embeddable":true,"href":"https:\/\/www.stjarnkliniken.com\/orebro-city\/wp-json\/wp\/v2\/categories?post=5409"},{"taxonomy":"post_tag","embeddable":true,"href":"https:\/\/www.stjarnkliniken.com\/orebro-city\/wp-json\/wp\/v2\/tags?post=5409"}],"curies":[{"name":"wp","href":"https:\/\/api.w.org\/{rel}","templated":true}]}}