{"id":3839,"date":"2019-09-16T15:12:11","date_gmt":"2019-09-16T13:12:11","guid":{"rendered":"http:\/\/www.stjarnkliniken.com\/?p=3839"},"modified":"2019-09-16T15:12:11","modified_gmt":"2019-09-16T13:12:11","slug":"stjarnkliniken-utokar-med-ytterligare-en-klinik-i-sormland","status":"publish","type":"post","link":"https:\/\/www.stjarnkliniken.com\/flen\/blogg\/stjarnkliniken-utokar-med-ytterligare-en-klinik-i-sormland\/","title":{"rendered":"Stj\u00e4rnkliniken ut\u00f6kar med ytterligare en klinik i S\u00f6rmland"},"content":{"rendered":"<p><strong>Resan mot ett friskare Sverige forts\u00e4tter i takt med att Stj\u00e4rnkliniken ut\u00f6kar med en klinik i Flen. Klinikerna i Katrineholm och Flen kommer att drivas av den erfarne Leg.naprapaten Gustav Ingestad som varit verksam i Flen de senaste 9 \u00e5ren. Stj\u00e4rnkliniken \u00e4r ett team av specialister inom manuell medicin som hj\u00e4lper b\u00e5de dig som privatperson med \u00e4ven dig som f\u00f6retag och f\u00f6rening.<\/strong><\/p>\n<p><img loading=\"lazy\" decoding=\"async\" class=\" wp-image-3793 alignleft\" src=\"http:\/\/www.stjarnkliniken.com\/web\/wp-content\/uploads\/2019\/09\/gustav.jpg\" alt=\"\" width=\"206\" height=\"310\" srcset=\"https:\/\/www.stjarnkliniken.com\/flen\/wp-content\/uploads\/sites\/16\/2019\/09\/gustav.jpg 1333w, https:\/\/www.stjarnkliniken.com\/flen\/wp-content\/uploads\/sites\/16\/2019\/09\/gustav-200x300.jpg 200w, https:\/\/www.stjarnkliniken.com\/flen\/wp-content\/uploads\/sites\/16\/2019\/09\/gustav-682x1024.jpg 682w, https:\/\/www.stjarnkliniken.com\/flen\/wp-content\/uploads\/sites\/16\/2019\/09\/gustav-768x1152.jpg 768w, https:\/\/www.stjarnkliniken.com\/flen\/wp-content\/uploads\/sites\/16\/2019\/09\/gustav-1024x1536.jpg 1024w\" sizes=\"auto, (max-width: 206px) 100vw, 206px\" \/>Den 1 oktober startar <strong>Gustav Ingestad<\/strong> sin tj\u00e4nst p\u00e5 Stj\u00e4rnkliniken. Gustav \u00e4r utbildad naprapat sedan 2006 och han startade upp sin egen naprapatklinik i Flen 2010 och har drivit den sedan dess. Gustav har hj\u00e4lpt b\u00e5de mer och mindre k\u00e4nda fotbollslag och han hj\u00e4lper g\u00e4rna patienter med s\u00e5v\u00e4l akutare samt l\u00e5ngdragna besv\u00e4r. Han \u00e4r vidareutbildad genom OMI Norden, g\u00e4llande l\u00e4ndrygg och axlar. F\u00f6rutom naprapatbehandling och massage kommer han kunna utf\u00f6ra st\u00f6tv\u00e5gsbehandling p\u00e5 b\u00e5da klinikerna.<\/p>\n<p><strong>Region S\u00f6rmland<\/strong><br \/>\nP\u00e5 Stj\u00e4rnkliniken i Katrineholm har du \u00e4ven m\u00f6jlighet att bes\u00f6ka en Leg.naprapat inom avtalet f\u00f6r Region S\u00f6rmland. Detta d\u00e5 du har besv\u00e4r relaterade till r\u00f6relseorganen, framf\u00f6rallt nacke, axlar och rygg samt perifera besv\u00e4r med tydligt orsakssamband till nacke, axlar och rygg.<\/p>\n<p><strong>Kliniker i b\u00e5de Flen och Katrineholm<\/strong><br \/>\nNu kan du som bor i Flen komma i kontakt med Stj\u00e4rnkliniken. Stj\u00e4rnkliniken tar \u00f6ver Naprapat Gustav Ingestads befintliga lokaler med Gustav sj\u00e4lv i t\u00e4ten. Ni hittar Stj\u00e4rnkliniken p\u00e5 samma adress, Kyrkv\u00e4gen 1 i Flen.<\/p>\n<p>-Det k\u00e4nns v\u00e4ldigt kul att kunna presentera Gustav Ingestad som klinikchef i Katrineholm och dessutom ut\u00f6ka med en klinik i Flen. Vi ser fram emot att ha Gustav med i teamet f\u00f6r resan mot ett friskare Sverige, s\u00e4ger VD Markus Hast och forts\u00e4tter,<br \/>\n-Kliniken i Flen kommer att st\u00f6ttas upp av det redan befintliga starka teamet av specialister inom manuell medicin som idag finns p\u00e5 kliniken i Katrineholm.<\/p>\n<p><em>F\u00f6lj med p\u00e5 resan mot ett friskare Sverige!<\/em><\/p>\n","protected":false},"excerpt":{"rendered":"<p>Resan mot ett friskare Sverige forts\u00e4tter i takt med att Stj\u00e4rnkliniken ut\u00f6kar med en klinik i Flen. Klinikerna i Katrineholm och Flen kommer att drivas av den erfarne Leg<\/p>\n","protected":false},"author":2,"featured_media":3842,"comment_status":"open","ping_status":"open","sticky":false,"template":"","format":"standard","meta":{"_acf_changed":false,"mc4wp_mailchimp_campaign":[],"footnotes":""},"categories":[1],"tags":[],"class_list":["post-3839","post","type-post","status-publish","format-standard","has-post-thumbnail","hentry","category-nyheter"],"acf":[],"yoast_head":"<!-- This site is optimized with the Yoast SEO Premium plugin v22.6 (Yoast SEO v22.6) - https:\/\/yoast.com\/wordpress\/plugins\/seo\/ -->\n<title>Stj\u00e4rnkliniken ut\u00f6kar med ytterligare en klinik i S\u00f6rmland - Flen<\/title>\n<meta name=\"robots\" content=\"index, follow, max-snippet:-1, max-image-preview:large, max-video-preview:-1\" \/>\n<link rel=\"canonical\" href=\"https:\/\/www.stjarnkliniken.com\/flen\/blogg\/stjarnkliniken-utokar-med-ytterligare-en-klinik-i-sormland\/\" \/>\n<meta property=\"og:locale\" content=\"sv_SE\" \/>\n<meta property=\"og:type\" content=\"article\" \/>\n<meta property=\"og:title\" content=\"Stj\u00e4rnkliniken ut\u00f6kar med ytterligare en klinik i S\u00f6rmland\" \/>\n<meta property=\"og:description\" content=\"Resan mot ett friskare Sverige forts\u00e4tter i takt med att Stj\u00e4rnkliniken ut\u00f6kar med en klinik i Flen. Klinikerna i Katrineholm och Flen kommer att drivas av den erfarne Leg\" \/>\n<meta property=\"og:url\" content=\"https:\/\/www.stjarnkliniken.com\/flen\/blogg\/stjarnkliniken-utokar-med-ytterligare-en-klinik-i-sormland\/\" \/>\n<meta property=\"og:site_name\" content=\"Flen\" \/>\n<meta property=\"article:published_time\" content=\"2019-09-16T13:12:11+00:00\" \/>\n<meta property=\"og:image\" content=\"https:\/\/www.stjarnkliniken.com\/flen\/wp-content\/uploads\/sites\/16\/2019\/09\/img_7035-kopia-kopia-e1568639238321-1200x630.jpg\" \/>\n\t<meta property=\"og:image:width\" content=\"1200\" \/>\n\t<meta property=\"og:image:height\" content=\"630\" \/>\n\t<meta property=\"og:image:type\" content=\"image\/jpeg\" \/>\n<meta name=\"author\" content=\"lovisa\" \/>\n<meta name=\"twitter:card\" content=\"summary_large_image\" \/>\n<meta name=\"twitter:label1\" content=\"Skriven av\" \/>\n\t<meta name=\"twitter:data1\" content=\"lovisa\" \/>\n\t<meta name=\"twitter:label2\" content=\"Ber\u00e4knad l\u00e4stid\" \/>\n\t<meta name=\"twitter:data2\" content=\"2 minuter\" \/>\n<script type=\"application\/ld+json\" class=\"yoast-schema-graph\">{\"@context\":\"https:\/\/schema.org\",\"@graph\":[{\"@type\":\"WebPage\",\"@id\":\"https:\/\/www.stjarnkliniken.com\/flen\/blogg\/stjarnkliniken-utokar-med-ytterligare-en-klinik-i-sormland\/\",\"url\":\"https:\/\/www.stjarnkliniken.com\/flen\/blogg\/stjarnkliniken-utokar-med-ytterligare-en-klinik-i-sormland\/\",\"name\":\"Stj\u00e4rnkliniken ut\u00f6kar med ytterligare en klinik i S\u00f6rmland - Flen\",\"isPartOf\":{\"@id\":\"https:\/\/www.stjarnkliniken.com\/flen\/#website\"},\"primaryImageOfPage\":{\"@id\":\"https:\/\/www.stjarnkliniken.com\/flen\/blogg\/stjarnkliniken-utokar-med-ytterligare-en-klinik-i-sormland\/#primaryimage\"},\"image\":{\"@id\":\"https:\/\/www.stjarnkliniken.com\/flen\/blogg\/stjarnkliniken-utokar-med-ytterligare-en-klinik-i-sormland\/#primaryimage\"},\"thumbnailUrl\":\"https:\/\/www.stjarnkliniken.com\/flen\/wp-content\/uploads\/sites\/16\/2019\/09\/img_7035-kopia-kopia-e1568639238321-scaled.jpg\",\"datePublished\":\"2019-09-16T13:12:11+00:00\",\"dateModified\":\"2019-09-16T13:12:11+00:00\",\"author\":{\"@id\":\"https:\/\/www.stjarnkliniken.com\/flen\/#\/schema\/person\/da4688df27f10386655463b3931e9083\"},\"breadcrumb\":{\"@id\":\"https:\/\/www.stjarnkliniken.com\/flen\/blogg\/stjarnkliniken-utokar-med-ytterligare-en-klinik-i-sormland\/#breadcrumb\"},\"inLanguage\":\"sv-SE\",\"potentialAction\":[{\"@type\":\"ReadAction\",\"target\":[\"https:\/\/www.stjarnkliniken.com\/flen\/blogg\/stjarnkliniken-utokar-med-ytterligare-en-klinik-i-sormland\/\"]}]},{\"@type\":\"ImageObject\",\"inLanguage\":\"sv-SE\",\"@id\":\"https:\/\/www.stjarnkliniken.com\/flen\/blogg\/stjarnkliniken-utokar-med-ytterligare-en-klinik-i-sormland\/#primaryimage\",\"url\":\"https:\/\/www.stjarnkliniken.com\/flen\/wp-content\/uploads\/sites\/16\/2019\/09\/img_7035-kopia-kopia-e1568639238321-scaled.jpg\",\"contentUrl\":\"https:\/\/www.stjarnkliniken.com\/flen\/wp-content\/uploads\/sites\/16\/2019\/09\/img_7035-kopia-kopia-e1568639238321-scaled.jpg\",\"width\":2560,\"height\":1535},{\"@type\":\"BreadcrumbList\",\"@id\":\"https:\/\/www.stjarnkliniken.com\/flen\/blogg\/stjarnkliniken-utokar-med-ytterligare-en-klinik-i-sormland\/#breadcrumb\",\"itemListElement\":[{\"@type\":\"ListItem\",\"position\":1,\"name\":\"Hem\",\"item\":\"https:\/\/www.stjarnkliniken.com\/flen\/\"},{\"@type\":\"ListItem\",\"position\":2,\"name\":\"Stj\u00e4rnkliniken ut\u00f6kar med ytterligare en klinik i S\u00f6rmland\"}]},{\"@type\":\"WebSite\",\"@id\":\"https:\/\/www.stjarnkliniken.com\/flen\/#website\",\"url\":\"https:\/\/www.stjarnkliniken.com\/flen\/\",\"name\":\"Flen\",\"description\":\"Stj\u00e4rnkliniken: Naprapati &amp; massage - ingen v\u00e4ntetid, ingen remiss!\",\"potentialAction\":[{\"@type\":\"SearchAction\",\"target\":{\"@type\":\"EntryPoint\",\"urlTemplate\":\"https:\/\/www.stjarnkliniken.com\/flen\/?s={search_term_string}\"},\"query-input\":\"required name=search_term_string\"}],\"inLanguage\":\"sv-SE\"},{\"@type\":\"Person\",\"@id\":\"https:\/\/www.stjarnkliniken.com\/flen\/#\/schema\/person\/da4688df27f10386655463b3931e9083\",\"name\":\"lovisa\",\"image\":{\"@type\":\"ImageObject\",\"inLanguage\":\"sv-SE\",\"@id\":\"https:\/\/www.stjarnkliniken.com\/flen\/#\/schema\/person\/image\/\",\"url\":\"https:\/\/secure.gravatar.com\/avatar\/61bd268b045cfeca2c0cd45d57417d536d8b6fd814b544bcebf8f2205e44a100?s=96&d=mm&r=g\",\"contentUrl\":\"https:\/\/secure.gravatar.com\/avatar\/61bd268b045cfeca2c0cd45d57417d536d8b6fd814b544bcebf8f2205e44a100?s=96&d=mm&r=g\",\"caption\":\"lovisa\"},\"url\":\"https:\/\/www.stjarnkliniken.com\/flen\/blogg\/author\/lovisa\/\"}]}<\/script>\n<!-- \/ Yoast SEO Premium plugin. -->","yoast_head_json":{"title":"Stj\u00e4rnkliniken ut\u00f6kar med ytterligare en klinik i S\u00f6rmland - Flen","robots":{"index":"index","follow":"follow","max-snippet":"max-snippet:-1","max-image-preview":"max-image-preview:large","max-video-preview":"max-video-preview:-1"},"canonical":"https:\/\/www.stjarnkliniken.com\/flen\/blogg\/stjarnkliniken-utokar-med-ytterligare-en-klinik-i-sormland\/","og_locale":"sv_SE","og_type":"article","og_title":"Stj\u00e4rnkliniken ut\u00f6kar med ytterligare en klinik i S\u00f6rmland","og_description":"Resan mot ett friskare Sverige forts\u00e4tter i takt med att Stj\u00e4rnkliniken ut\u00f6kar med en klinik i Flen. Klinikerna i Katrineholm och Flen kommer att drivas av den erfarne Leg","og_url":"https:\/\/www.stjarnkliniken.com\/flen\/blogg\/stjarnkliniken-utokar-med-ytterligare-en-klinik-i-sormland\/","og_site_name":"Flen","article_published_time":"2019-09-16T13:12:11+00:00","og_image":[{"width":1200,"height":630,"url":"https:\/\/www.stjarnkliniken.com\/flen\/wp-content\/uploads\/sites\/16\/2019\/09\/img_7035-kopia-kopia-e1568639238321-1200x630.jpg","type":"image\/jpeg"}],"author":"lovisa","twitter_card":"summary_large_image","twitter_misc":{"Skriven av":"lovisa","Ber\u00e4knad l\u00e4stid":"2 minuter"},"schema":{"@context":"https:\/\/schema.org","@graph":[{"@type":"WebPage","@id":"https:\/\/www.stjarnkliniken.com\/flen\/blogg\/stjarnkliniken-utokar-med-ytterligare-en-klinik-i-sormland\/","url":"https:\/\/www.stjarnkliniken.com\/flen\/blogg\/stjarnkliniken-utokar-med-ytterligare-en-klinik-i-sormland\/","name":"Stj\u00e4rnkliniken ut\u00f6kar med ytterligare en klinik i S\u00f6rmland - Flen","isPartOf":{"@id":"https:\/\/www.stjarnkliniken.com\/flen\/#website"},"primaryImageOfPage":{"@id":"https:\/\/www.stjarnkliniken.com\/flen\/blogg\/stjarnkliniken-utokar-med-ytterligare-en-klinik-i-sormland\/#primaryimage"},"image":{"@id":"https:\/\/www.stjarnkliniken.com\/flen\/blogg\/stjarnkliniken-utokar-med-ytterligare-en-klinik-i-sormland\/#primaryimage"},"thumbnailUrl":"https:\/\/www.stjarnkliniken.com\/flen\/wp-content\/uploads\/sites\/16\/2019\/09\/img_7035-kopia-kopia-e1568639238321-scaled.jpg","datePublished":"2019-09-16T13:12:11+00:00","dateModified":"2019-09-16T13:12:11+00:00","author":{"@id":"https:\/\/www.stjarnkliniken.com\/flen\/#\/schema\/person\/da4688df27f10386655463b3931e9083"},"breadcrumb":{"@id":"https:\/\/www.stjarnkliniken.com\/flen\/blogg\/stjarnkliniken-utokar-med-ytterligare-en-klinik-i-sormland\/#breadcrumb"},"inLanguage":"sv-SE","potentialAction":[{"@type":"ReadAction","target":["https:\/\/www.stjarnkliniken.com\/flen\/blogg\/stjarnkliniken-utokar-med-ytterligare-en-klinik-i-sormland\/"]}]},{"@type":"ImageObject","inLanguage":"sv-SE","@id":"https:\/\/www.stjarnkliniken.com\/flen\/blogg\/stjarnkliniken-utokar-med-ytterligare-en-klinik-i-sormland\/#primaryimage","url":"https:\/\/www.stjarnkliniken.com\/flen\/wp-content\/uploads\/sites\/16\/2019\/09\/img_7035-kopia-kopia-e1568639238321-scaled.jpg","contentUrl":"https:\/\/www.stjarnkliniken.com\/flen\/wp-content\/uploads\/sites\/16\/2019\/09\/img_7035-kopia-kopia-e1568639238321-scaled.jpg","width":2560,"height":1535},{"@type":"BreadcrumbList","@id":"https:\/\/www.stjarnkliniken.com\/flen\/blogg\/stjarnkliniken-utokar-med-ytterligare-en-klinik-i-sormland\/#breadcrumb","itemListElement":[{"@type":"ListItem","position":1,"name":"Hem","item":"https:\/\/www.stjarnkliniken.com\/flen\/"},{"@type":"ListItem","position":2,"name":"Stj\u00e4rnkliniken ut\u00f6kar med ytterligare en klinik i S\u00f6rmland"}]},{"@type":"WebSite","@id":"https:\/\/www.stjarnkliniken.com\/flen\/#website","url":"https:\/\/www.stjarnkliniken.com\/flen\/","name":"Flen","description":"Stj\u00e4rnkliniken: Naprapati &amp; massage - ingen v\u00e4ntetid, ingen remiss!","potentialAction":[{"@type":"SearchAction","target":{"@type":"EntryPoint","urlTemplate":"https:\/\/www.stjarnkliniken.com\/flen\/?s={search_term_string}"},"query-input":"required name=search_term_string"}],"inLanguage":"sv-SE"},{"@type":"Person","@id":"https:\/\/www.stjarnkliniken.com\/flen\/#\/schema\/person\/da4688df27f10386655463b3931e9083","name":"lovisa","image":{"@type":"ImageObject","inLanguage":"sv-SE","@id":"https:\/\/www.stjarnkliniken.com\/flen\/#\/schema\/person\/image\/","url":"https:\/\/secure.gravatar.com\/avatar\/61bd268b045cfeca2c0cd45d57417d536d8b6fd814b544bcebf8f2205e44a100?s=96&d=mm&r=g","contentUrl":"https:\/\/secure.gravatar.com\/avatar\/61bd268b045cfeca2c0cd45d57417d536d8b6fd814b544bcebf8f2205e44a100?s=96&d=mm&r=g","caption":"lovisa"},"url":"https:\/\/www.stjarnkliniken.com\/flen\/blogg\/author\/lovisa\/"}]}},"_links":{"self":[{"href":"https:\/\/www.stjarnkliniken.com\/flen\/wp-json\/wp\/v2\/posts\/3839","targetHints":{"allow":["GET"]}}],"collection":[{"href":"https:\/\/www.stjarnkliniken.com\/flen\/wp-json\/wp\/v2\/posts"}],"about":[{"href":"https:\/\/www.stjarnkliniken.com\/flen\/wp-json\/wp\/v2\/types\/post"}],"author":[{"embeddable":true,"href":"https:\/\/www.stjarnkliniken.com\/flen\/wp-json\/wp\/v2\/users\/2"}],"replies":[{"embeddable":true,"href":"https:\/\/www.stjarnkliniken.com\/flen\/wp-json\/wp\/v2\/comments?post=3839"}],"version-history":[{"count":0,"href":"https:\/\/www.stjarnkliniken.com\/flen\/wp-json\/wp\/v2\/posts\/3839\/revisions"}],"wp:featuredmedia":[{"embeddable":true,"href":"https:\/\/www.stjarnkliniken.com\/flen\/wp-json\/wp\/v2\/media\/3842"}],"wp:attachment":[{"href":"https:\/\/www.stjarnkliniken.com\/flen\/wp-json\/wp\/v2\/media?parent=3839"}],"wp:term":[{"taxonomy":"category","embeddable":true,"href":"https:\/\/www.stjarnkliniken.com\/flen\/wp-json\/wp\/v2\/categories?post=3839"},{"taxonomy":"post_tag","embeddable":true,"href":"https:\/\/www.stjarnkliniken.com\/flen\/wp-json\/wp\/v2\/tags?post=3839"}],"curies":[{"name":"wp","href":"https:\/\/api.w.org\/{rel}","templated":true}]}}