{"id":9639,"date":"2025-02-04T15:53:05","date_gmt":"2025-02-04T15:53:05","guid":{"rendered":"https:\/\/www.stjarnkliniken.com\/b2b\/?p=9639"},"modified":"2025-02-04T15:53:06","modified_gmt":"2025-02-04T15:53:06","slug":"ergonomi-en-forutsattning-for-alla","status":"publish","type":"post","link":"https:\/\/www.stjarnkliniken.com\/b2b\/blogg\/ergonomi-en-forutsattning-for-alla\/","title":{"rendered":"Ergonomi, en f\u00f6ruts\u00e4ttning f\u00f6r alla!"},"content":{"rendered":"\n<p><em>Hur v\u00e4l k\u00e4nner dina anst\u00e4llda eller du som anst\u00e4lld till vilken ergonomisk belastning ditt arbete har? Finns det k\u00e4nnedom om hur ni kan f\u00f6rebygga och belasta mer ergonomiskt?<\/em><\/p>\n\n\n\n<p>Vi har inlett \u00e5ret med n\u00e5gra utbildningar i ergonomi p\u00e5 f\u00f6retag d\u00e4r v\u00e5r Naprapat Marianne har utbildat anst\u00e4llda och gjort ergonomi ronder f\u00f6r varje anst\u00e4lld. Efter\u00e5t skickas en sammanst\u00e4lld rapport till f\u00f6retaget. I rapporten kommer \u00e4ven finnas f\u00f6rb\u00e4ttringsf\u00f6rslag och vidare arbetss\u00e4tt. <\/p>\n\n\n\n<figure class=\"wp-block-image size-large is-resized\"><img loading=\"lazy\" decoding=\"async\" width=\"1707\" height=\"1023\" src=\"https:\/\/www.stjarnkliniken.com\/b2b\/wp-content\/uploads\/sites\/2\/2025\/02\/img_7035-kopia-kopia-e1568639238321-edited.jpg\" alt=\"\" class=\"wp-image-9640\" style=\"aspect-ratio:1.6677524429967427;width:325px;height:auto\" srcset=\"https:\/\/www.stjarnkliniken.com\/b2b\/wp-content\/uploads\/sites\/2\/2025\/02\/img_7035-kopia-kopia-e1568639238321-edited.jpg 1707w, https:\/\/www.stjarnkliniken.com\/b2b\/wp-content\/uploads\/sites\/2\/2025\/02\/img_7035-kopia-kopia-e1568639238321-edited-300x180.jpg 300w, https:\/\/www.stjarnkliniken.com\/b2b\/wp-content\/uploads\/sites\/2\/2025\/02\/img_7035-kopia-kopia-e1568639238321-edited-1024x614.jpg 1024w, https:\/\/www.stjarnkliniken.com\/b2b\/wp-content\/uploads\/sites\/2\/2025\/02\/img_7035-kopia-kopia-e1568639238321-edited-710x426.jpg 710w, https:\/\/www.stjarnkliniken.com\/b2b\/wp-content\/uploads\/sites\/2\/2025\/02\/img_7035-kopia-kopia-e1568639238321-edited-1536x921.jpg 1536w, https:\/\/www.stjarnkliniken.com\/b2b\/wp-content\/uploads\/sites\/2\/2025\/02\/img_7035-kopia-kopia-e1568639238321-edited-266x159.jpg 266w, https:\/\/www.stjarnkliniken.com\/b2b\/wp-content\/uploads\/sites\/2\/2025\/02\/img_7035-kopia-kopia-e1568639238321-edited-450x270.jpg 450w, https:\/\/www.stjarnkliniken.com\/b2b\/wp-content\/uploads\/sites\/2\/2025\/02\/img_7035-kopia-kopia-e1568639238321-edited-868x520.jpg 868w\" sizes=\"auto, (max-width: 1707px) 100vw, 1707px\" \/><\/figure>\n\n\n\n<p><strong>Vi p\u00e5 Stj\u00e4rnkliniken<\/strong> vill m\u00e5na f\u00f6r ett <em>starkt n\u00e4ringsliv i Sverige<\/em>. D\u00e4r alla anst\u00e4llda ges m\u00f6jligheten att m\u00e5 bra. Det finns flera s\u00e4tt f\u00f6r ett f\u00f6retag att arbeta med personalv\u00e5rd, men att s\u00e4tta in proaktiva insatser \u00e4r en sj\u00e4lvklarhet om ni fr\u00e5gar oss.<\/p>\n","protected":false},"excerpt":{"rendered":"<p>Hur v\u00e4l k\u00e4nner dina anst\u00e4llda eller du som anst\u00e4lld till vilken ergonomisk belastning ditt arbete har? Finns det k\u00e4nnedom om hur ni kan f\u00f6rebygga och belasta mer ergonomiskt<\/p>\n","protected":false},"author":91,"featured_media":4375,"comment_status":"closed","ping_status":"closed","sticky":false,"template":"","format":"standard","meta":{"_acf_changed":false,"mc4wp_mailchimp_campaign":[],"footnotes":""},"categories":[1],"tags":[],"class_list":["post-9639","post","type-post","status-publish","format-standard","has-post-thumbnail","hentry","category-nyheter"],"acf":[],"yoast_head":"<!-- This site is optimized with the Yoast SEO Premium plugin v22.6 (Yoast SEO v22.6) - https:\/\/yoast.com\/wordpress\/plugins\/seo\/ -->\n<title>Ergonomi, en f\u00f6ruts\u00e4ttning f\u00f6r alla! - Stj\u00e4rnkliniken B2B<\/title>\n<meta name=\"description\" content=\"Vi p\u00e5 Stj\u00e4rnkliniken vill m\u00e5na f\u00f6r ett starkt n\u00e4ringsliv i Sverige. D\u00e4r alla anst\u00e4llda ges m\u00f6jligheten att m\u00e5 bra. Det finns flera s\u00e4tt f\u00f6r ett f\u00f6retag att arbeta med personalv\u00e5rd, men att s\u00e4tta in proaktiva insatser \u00e4r en sj\u00e4lvklarhet om ni fr\u00e5gar oss.\" \/>\n<meta name=\"robots\" content=\"index, follow, max-snippet:-1, max-image-preview:large, max-video-preview:-1\" \/>\n<link rel=\"canonical\" href=\"https:\/\/www.stjarnkliniken.com\/b2b\/blogg\/ergonomi-en-forutsattning-for-alla\/\" \/>\n<meta property=\"og:locale\" content=\"sv_SE\" \/>\n<meta property=\"og:type\" content=\"article\" \/>\n<meta property=\"og:title\" content=\"Ergonomi, en f\u00f6ruts\u00e4ttning f\u00f6r alla!\" \/>\n<meta property=\"og:description\" content=\"Vi p\u00e5 Stj\u00e4rnkliniken vill m\u00e5na f\u00f6r ett starkt n\u00e4ringsliv i Sverige. D\u00e4r alla anst\u00e4llda ges m\u00f6jligheten att m\u00e5 bra. Det finns flera s\u00e4tt f\u00f6r ett f\u00f6retag att arbeta med personalv\u00e5rd, men att s\u00e4tta in proaktiva insatser \u00e4r en sj\u00e4lvklarhet om ni fr\u00e5gar oss.\" \/>\n<meta property=\"og:url\" content=\"https:\/\/www.stjarnkliniken.com\/b2b\/blogg\/ergonomi-en-forutsattning-for-alla\/\" \/>\n<meta property=\"og:site_name\" content=\"Stj\u00e4rnkliniken B2B\" \/>\n<meta property=\"article:published_time\" content=\"2025-02-04T15:53:05+00:00\" \/>\n<meta property=\"article:modified_time\" content=\"2025-02-04T15:53:06+00:00\" \/>\n<meta property=\"og:image\" content=\"https:\/\/www.stjarnkliniken.com\/b2b\/wp-content\/uploads\/sites\/2\/2019\/10\/privatperson_kbt-kopia-1200x630.jpg\" \/>\n\t<meta property=\"og:image:width\" content=\"1200\" \/>\n\t<meta property=\"og:image:height\" content=\"630\" \/>\n\t<meta property=\"og:image:type\" content=\"image\/jpeg\" \/>\n<meta name=\"author\" content=\"fridabylinder\" \/>\n<meta name=\"twitter:card\" content=\"summary_large_image\" \/>\n<meta name=\"twitter:label1\" content=\"Skriven av\" \/>\n\t<meta name=\"twitter:data1\" content=\"fridabylinder\" \/>\n\t<meta name=\"twitter:label2\" content=\"Ber\u00e4knad l\u00e4stid\" \/>\n\t<meta name=\"twitter:data2\" content=\"1 minut\" \/>\n<script type=\"application\/ld+json\" class=\"yoast-schema-graph\">{\"@context\":\"https:\/\/schema.org\",\"@graph\":[{\"@type\":\"WebPage\",\"@id\":\"https:\/\/www.stjarnkliniken.com\/b2b\/blogg\/ergonomi-en-forutsattning-for-alla\/\",\"url\":\"https:\/\/www.stjarnkliniken.com\/b2b\/blogg\/ergonomi-en-forutsattning-for-alla\/\",\"name\":\"Ergonomi, en f\u00f6ruts\u00e4ttning f\u00f6r alla! - Stj\u00e4rnkliniken B2B\",\"isPartOf\":{\"@id\":\"https:\/\/www.stjarnkliniken.com\/b2b\/#website\"},\"primaryImageOfPage\":{\"@id\":\"https:\/\/www.stjarnkliniken.com\/b2b\/blogg\/ergonomi-en-forutsattning-for-alla\/#primaryimage\"},\"image\":{\"@id\":\"https:\/\/www.stjarnkliniken.com\/b2b\/blogg\/ergonomi-en-forutsattning-for-alla\/#primaryimage\"},\"thumbnailUrl\":\"https:\/\/www.stjarnkliniken.com\/b2b\/wp-content\/uploads\/sites\/2\/2019\/10\/privatperson_kbt-kopia.jpg\",\"datePublished\":\"2025-02-04T15:53:05+00:00\",\"dateModified\":\"2025-02-04T15:53:06+00:00\",\"author\":{\"@id\":\"https:\/\/www.stjarnkliniken.com\/b2b\/#\/schema\/person\/f8d14bd90164a32d7ccf34d614824d0b\"},\"description\":\"Vi p\u00e5 Stj\u00e4rnkliniken vill m\u00e5na f\u00f6r ett starkt n\u00e4ringsliv i Sverige. D\u00e4r alla anst\u00e4llda ges m\u00f6jligheten att m\u00e5 bra. Det finns flera s\u00e4tt f\u00f6r ett f\u00f6retag att arbeta med personalv\u00e5rd, men att s\u00e4tta in proaktiva insatser \u00e4r en sj\u00e4lvklarhet om ni fr\u00e5gar oss.\",\"breadcrumb\":{\"@id\":\"https:\/\/www.stjarnkliniken.com\/b2b\/blogg\/ergonomi-en-forutsattning-for-alla\/#breadcrumb\"},\"inLanguage\":\"sv-SE\",\"potentialAction\":[{\"@type\":\"ReadAction\",\"target\":[\"https:\/\/www.stjarnkliniken.com\/b2b\/blogg\/ergonomi-en-forutsattning-for-alla\/\"]}]},{\"@type\":\"ImageObject\",\"inLanguage\":\"sv-SE\",\"@id\":\"https:\/\/www.stjarnkliniken.com\/b2b\/blogg\/ergonomi-en-forutsattning-for-alla\/#primaryimage\",\"url\":\"https:\/\/www.stjarnkliniken.com\/b2b\/wp-content\/uploads\/sites\/2\/2019\/10\/privatperson_kbt-kopia.jpg\",\"contentUrl\":\"https:\/\/www.stjarnkliniken.com\/b2b\/wp-content\/uploads\/sites\/2\/2019\/10\/privatperson_kbt-kopia.jpg\",\"width\":1920,\"height\":650},{\"@type\":\"BreadcrumbList\",\"@id\":\"https:\/\/www.stjarnkliniken.com\/b2b\/blogg\/ergonomi-en-forutsattning-for-alla\/#breadcrumb\",\"itemListElement\":[{\"@type\":\"ListItem\",\"position\":1,\"name\":\"Hem\",\"item\":\"https:\/\/www.stjarnkliniken.com\/b2b\/\"},{\"@type\":\"ListItem\",\"position\":2,\"name\":\"Ergonomi, en f\u00f6ruts\u00e4ttning f\u00f6r alla!\"}]},{\"@type\":\"WebSite\",\"@id\":\"https:\/\/www.stjarnkliniken.com\/b2b\/#website\",\"url\":\"https:\/\/www.stjarnkliniken.com\/b2b\/\",\"name\":\"Stj\u00e4rnkliniken B2B\",\"description\":\"Stj\u00e4rnkliniken: Naprapati &amp; massage - ingen v\u00e4ntetid, ingen remiss!\",\"potentialAction\":[{\"@type\":\"SearchAction\",\"target\":{\"@type\":\"EntryPoint\",\"urlTemplate\":\"https:\/\/www.stjarnkliniken.com\/b2b\/?s={search_term_string}\"},\"query-input\":\"required name=search_term_string\"}],\"inLanguage\":\"sv-SE\"},{\"@type\":\"Person\",\"@id\":\"https:\/\/www.stjarnkliniken.com\/b2b\/#\/schema\/person\/f8d14bd90164a32d7ccf34d614824d0b\",\"name\":\"fridabylinder\",\"image\":{\"@type\":\"ImageObject\",\"inLanguage\":\"sv-SE\",\"@id\":\"https:\/\/www.stjarnkliniken.com\/b2b\/#\/schema\/person\/image\/\",\"url\":\"https:\/\/secure.gravatar.com\/avatar\/36dd9c3cf4d2f8624d4fe7d91f21bd43061433701d3cf156653831d1bc0d7f59?s=96&d=mm&r=g\",\"contentUrl\":\"https:\/\/secure.gravatar.com\/avatar\/36dd9c3cf4d2f8624d4fe7d91f21bd43061433701d3cf156653831d1bc0d7f59?s=96&d=mm&r=g\",\"caption\":\"fridabylinder\"},\"url\":\"https:\/\/www.stjarnkliniken.com\/b2b\/blogg\/author\/fridabylinder\/\"}]}<\/script>\n<!-- \/ Yoast SEO Premium plugin. -->","yoast_head_json":{"title":"Ergonomi, en f\u00f6ruts\u00e4ttning f\u00f6r alla! - Stj\u00e4rnkliniken B2B","description":"Vi p\u00e5 Stj\u00e4rnkliniken vill m\u00e5na f\u00f6r ett starkt n\u00e4ringsliv i Sverige. D\u00e4r alla anst\u00e4llda ges m\u00f6jligheten att m\u00e5 bra. Det finns flera s\u00e4tt f\u00f6r ett f\u00f6retag att arbeta med personalv\u00e5rd, men att s\u00e4tta in proaktiva insatser \u00e4r en sj\u00e4lvklarhet om ni fr\u00e5gar oss.","robots":{"index":"index","follow":"follow","max-snippet":"max-snippet:-1","max-image-preview":"max-image-preview:large","max-video-preview":"max-video-preview:-1"},"canonical":"https:\/\/www.stjarnkliniken.com\/b2b\/blogg\/ergonomi-en-forutsattning-for-alla\/","og_locale":"sv_SE","og_type":"article","og_title":"Ergonomi, en f\u00f6ruts\u00e4ttning f\u00f6r alla!","og_description":"Vi p\u00e5 Stj\u00e4rnkliniken vill m\u00e5na f\u00f6r ett starkt n\u00e4ringsliv i Sverige. D\u00e4r alla anst\u00e4llda ges m\u00f6jligheten att m\u00e5 bra. Det finns flera s\u00e4tt f\u00f6r ett f\u00f6retag att arbeta med personalv\u00e5rd, men att s\u00e4tta in proaktiva insatser \u00e4r en sj\u00e4lvklarhet om ni fr\u00e5gar oss.","og_url":"https:\/\/www.stjarnkliniken.com\/b2b\/blogg\/ergonomi-en-forutsattning-for-alla\/","og_site_name":"Stj\u00e4rnkliniken B2B","article_published_time":"2025-02-04T15:53:05+00:00","article_modified_time":"2025-02-04T15:53:06+00:00","og_image":[{"width":1200,"height":630,"url":"https:\/\/www.stjarnkliniken.com\/b2b\/wp-content\/uploads\/sites\/2\/2019\/10\/privatperson_kbt-kopia-1200x630.jpg","type":"image\/jpeg"}],"author":"fridabylinder","twitter_card":"summary_large_image","twitter_misc":{"Skriven av":"fridabylinder","Ber\u00e4knad l\u00e4stid":"1 minut"},"schema":{"@context":"https:\/\/schema.org","@graph":[{"@type":"WebPage","@id":"https:\/\/www.stjarnkliniken.com\/b2b\/blogg\/ergonomi-en-forutsattning-for-alla\/","url":"https:\/\/www.stjarnkliniken.com\/b2b\/blogg\/ergonomi-en-forutsattning-for-alla\/","name":"Ergonomi, en f\u00f6ruts\u00e4ttning f\u00f6r alla! - Stj\u00e4rnkliniken B2B","isPartOf":{"@id":"https:\/\/www.stjarnkliniken.com\/b2b\/#website"},"primaryImageOfPage":{"@id":"https:\/\/www.stjarnkliniken.com\/b2b\/blogg\/ergonomi-en-forutsattning-for-alla\/#primaryimage"},"image":{"@id":"https:\/\/www.stjarnkliniken.com\/b2b\/blogg\/ergonomi-en-forutsattning-for-alla\/#primaryimage"},"thumbnailUrl":"https:\/\/www.stjarnkliniken.com\/b2b\/wp-content\/uploads\/sites\/2\/2019\/10\/privatperson_kbt-kopia.jpg","datePublished":"2025-02-04T15:53:05+00:00","dateModified":"2025-02-04T15:53:06+00:00","author":{"@id":"https:\/\/www.stjarnkliniken.com\/b2b\/#\/schema\/person\/f8d14bd90164a32d7ccf34d614824d0b"},"description":"Vi p\u00e5 Stj\u00e4rnkliniken vill m\u00e5na f\u00f6r ett starkt n\u00e4ringsliv i Sverige. D\u00e4r alla anst\u00e4llda ges m\u00f6jligheten att m\u00e5 bra. Det finns flera s\u00e4tt f\u00f6r ett f\u00f6retag att arbeta med personalv\u00e5rd, men att s\u00e4tta in proaktiva insatser \u00e4r en sj\u00e4lvklarhet om ni fr\u00e5gar oss.","breadcrumb":{"@id":"https:\/\/www.stjarnkliniken.com\/b2b\/blogg\/ergonomi-en-forutsattning-for-alla\/#breadcrumb"},"inLanguage":"sv-SE","potentialAction":[{"@type":"ReadAction","target":["https:\/\/www.stjarnkliniken.com\/b2b\/blogg\/ergonomi-en-forutsattning-for-alla\/"]}]},{"@type":"ImageObject","inLanguage":"sv-SE","@id":"https:\/\/www.stjarnkliniken.com\/b2b\/blogg\/ergonomi-en-forutsattning-for-alla\/#primaryimage","url":"https:\/\/www.stjarnkliniken.com\/b2b\/wp-content\/uploads\/sites\/2\/2019\/10\/privatperson_kbt-kopia.jpg","contentUrl":"https:\/\/www.stjarnkliniken.com\/b2b\/wp-content\/uploads\/sites\/2\/2019\/10\/privatperson_kbt-kopia.jpg","width":1920,"height":650},{"@type":"BreadcrumbList","@id":"https:\/\/www.stjarnkliniken.com\/b2b\/blogg\/ergonomi-en-forutsattning-for-alla\/#breadcrumb","itemListElement":[{"@type":"ListItem","position":1,"name":"Hem","item":"https:\/\/www.stjarnkliniken.com\/b2b\/"},{"@type":"ListItem","position":2,"name":"Ergonomi, en f\u00f6ruts\u00e4ttning f\u00f6r alla!"}]},{"@type":"WebSite","@id":"https:\/\/www.stjarnkliniken.com\/b2b\/#website","url":"https:\/\/www.stjarnkliniken.com\/b2b\/","name":"Stj\u00e4rnkliniken B2B","description":"Stj\u00e4rnkliniken: Naprapati &amp; massage - ingen v\u00e4ntetid, ingen remiss!","potentialAction":[{"@type":"SearchAction","target":{"@type":"EntryPoint","urlTemplate":"https:\/\/www.stjarnkliniken.com\/b2b\/?s={search_term_string}"},"query-input":"required name=search_term_string"}],"inLanguage":"sv-SE"},{"@type":"Person","@id":"https:\/\/www.stjarnkliniken.com\/b2b\/#\/schema\/person\/f8d14bd90164a32d7ccf34d614824d0b","name":"fridabylinder","image":{"@type":"ImageObject","inLanguage":"sv-SE","@id":"https:\/\/www.stjarnkliniken.com\/b2b\/#\/schema\/person\/image\/","url":"https:\/\/secure.gravatar.com\/avatar\/36dd9c3cf4d2f8624d4fe7d91f21bd43061433701d3cf156653831d1bc0d7f59?s=96&d=mm&r=g","contentUrl":"https:\/\/secure.gravatar.com\/avatar\/36dd9c3cf4d2f8624d4fe7d91f21bd43061433701d3cf156653831d1bc0d7f59?s=96&d=mm&r=g","caption":"fridabylinder"},"url":"https:\/\/www.stjarnkliniken.com\/b2b\/blogg\/author\/fridabylinder\/"}]}},"_links":{"self":[{"href":"https:\/\/www.stjarnkliniken.com\/b2b\/wp-json\/wp\/v2\/posts\/9639","targetHints":{"allow":["GET"]}}],"collection":[{"href":"https:\/\/www.stjarnkliniken.com\/b2b\/wp-json\/wp\/v2\/posts"}],"about":[{"href":"https:\/\/www.stjarnkliniken.com\/b2b\/wp-json\/wp\/v2\/types\/post"}],"author":[{"embeddable":true,"href":"https:\/\/www.stjarnkliniken.com\/b2b\/wp-json\/wp\/v2\/users\/91"}],"replies":[{"embeddable":true,"href":"https:\/\/www.stjarnkliniken.com\/b2b\/wp-json\/wp\/v2\/comments?post=9639"}],"version-history":[{"count":2,"href":"https:\/\/www.stjarnkliniken.com\/b2b\/wp-json\/wp\/v2\/posts\/9639\/revisions"}],"predecessor-version":[{"id":9642,"href":"https:\/\/www.stjarnkliniken.com\/b2b\/wp-json\/wp\/v2\/posts\/9639\/revisions\/9642"}],"wp:featuredmedia":[{"embeddable":true,"href":"https:\/\/www.stjarnkliniken.com\/b2b\/wp-json\/wp\/v2\/media\/4375"}],"wp:attachment":[{"href":"https:\/\/www.stjarnkliniken.com\/b2b\/wp-json\/wp\/v2\/media?parent=9639"}],"wp:term":[{"taxonomy":"category","embeddable":true,"href":"https:\/\/www.stjarnkliniken.com\/b2b\/wp-json\/wp\/v2\/categories?post=9639"},{"taxonomy":"post_tag","embeddable":true,"href":"https:\/\/www.stjarnkliniken.com\/b2b\/wp-json\/wp\/v2\/tags?post=9639"}],"curies":[{"name":"wp","href":"https:\/\/api.w.org\/{rel}","templated":true}]}}