{"id":9590,"date":"2024-10-03T09:18:13","date_gmt":"2024-10-03T09:18:13","guid":{"rendered":"https:\/\/www.stjarnkliniken.com\/b2b\/?p=9590"},"modified":"2024-10-03T09:18:14","modified_gmt":"2024-10-03T09:18:14","slug":"proaktiva-insatser-hjalper-dig-att-na-guld","status":"publish","type":"post","link":"https:\/\/www.stjarnkliniken.com\/b2b\/blogg\/proaktiva-insatser-hjalper-dig-att-na-guld\/","title":{"rendered":"Proaktiva insatser -hj\u00e4lper dig att n\u00e5 guld!"},"content":{"rendered":"\n<p>Vi p\u00e5 Stj\u00e4rnkliniken business <strong>vill hj\u00e4lpa dig<\/strong> som f\u00f6retag och dina anst\u00e4llda att producera, m\u00e5 bra och vara engagerade. Att se helheten som ett f\u00f6retag \u00e4r en framg\u00e5ngsfaktor. Som f\u00f6retag vet vi att personalkostnader oftast \u00e4r de h\u00f6gsta utgifterna men samtidigt som f\u00f6retaget \u00e4r helt beroende av sina anst\u00e4llda f\u00f6r int\u00e4kter och oms\u00e4ttning. Att ha en bra personalv\u00e5rd \u00e4r d\u00e4rf\u00f6r viktigt f\u00f6r att personalkostnaderna inte ska bli h\u00f6gre \u00e4n vad de redan \u00e4r. <strong>Kan du som f\u00f6retag f\u00f6rebygga sjukskrivningar och sjukdom?<\/strong><\/p>\n\n\n\n<p>Vi har sett att ett f\u00f6retag som arbetar med proaktiva \u00e5tg\u00e4rder har l\u00e4gre antal l\u00e5ngtidssjukskrivningar. <em>Vad inneb\u00e4r de att arbeta proaktivt egentligen?<\/em><\/p>\n\n\n\n<p>Det handlar om att se \u00f6ver sina anst\u00e4llda, hur de m\u00e5r, vilken typ av belastning som finns och skapa konkreta insatser \u00f6vertid. Vi p\u00e5 Stj\u00e4rnkliniken business skapar ett uppl\u00e4gg f\u00f6r dig som f\u00f6retag och dina anst\u00e4llda, d\u00e4r vi arbetar under \u00e5rsbasis. Vi b\u00f6rjar med en <strong>kartl\u00e4ggning och nul\u00e4gesanalys<\/strong> f\u00f6r att samla information och se varje person utifr\u00e5n d\u00e4r de befinner sig. I n\u00e4sta steg <strong>sammanst\u00e4lls allt i en rapport<\/strong> och vi f\u00e5r en bild av hur ert f\u00f6retag m\u00e5r som grupp och som individer. D\u00e4r har vi chans att s\u00e4tta in <strong>\u00e5tg\u00e4rder<\/strong> under \u00e5ret som matchar era behov, m\u00e5l och visioner. <em>Se bilden nedan f\u00f6r hur ett uppl\u00e4gg kan se ut med oss:<\/em><\/p>\n\n\n\n<figure class=\"wp-block-image size-large is-resized\"><img loading=\"lazy\" decoding=\"async\" width=\"1024\" height=\"576\" src=\"https:\/\/www.stjarnkliniken.com\/b2b\/wp-content\/uploads\/sites\/2\/2024\/10\/image-1024x576.png\" alt=\"\" class=\"wp-image-9591\" style=\"aspect-ratio:1.7777777777777777;width:556px;height:auto\" srcset=\"https:\/\/www.stjarnkliniken.com\/b2b\/wp-content\/uploads\/sites\/2\/2024\/10\/image-1024x576.png 1024w, https:\/\/www.stjarnkliniken.com\/b2b\/wp-content\/uploads\/sites\/2\/2024\/10\/image-300x169.png 300w, https:\/\/www.stjarnkliniken.com\/b2b\/wp-content\/uploads\/sites\/2\/2024\/10\/image-710x399.png 710w, https:\/\/www.stjarnkliniken.com\/b2b\/wp-content\/uploads\/sites\/2\/2024\/10\/image-1536x864.png 1536w, https:\/\/www.stjarnkliniken.com\/b2b\/wp-content\/uploads\/sites\/2\/2024\/10\/image-266x150.png 266w, https:\/\/www.stjarnkliniken.com\/b2b\/wp-content\/uploads\/sites\/2\/2024\/10\/image-450x253.png 450w, https:\/\/www.stjarnkliniken.com\/b2b\/wp-content\/uploads\/sites\/2\/2024\/10\/image-924x520.png 924w, https:\/\/www.stjarnkliniken.com\/b2b\/wp-content\/uploads\/sites\/2\/2024\/10\/image.png 2000w\" sizes=\"auto, (max-width: 1024px) 100vw, 1024px\" \/><\/figure>\n\n\n\n<p>Vill du ta f\u00f6rsta steget redan idag?<\/p>\n\n\n\n<p>L\u00e4s g\u00e4rna mer h\u00e4r: <a href=\"https:\/\/www.stjarnkliniken.com\/b2b\/friskvard\/\">Friskv\u00e5rd och h\u00e4lsa &#8211; Stj\u00e4rnkliniken (stjarnkliniken.com)<\/a><\/p>\n\n\n\n<p>Har ni fler fr\u00e5gor, kan ni h\u00f6ra av er direkt till: Frida@stjarnkliniken.com<\/p>\n","protected":false},"excerpt":{"rendered":"<p>Vi p\u00e5 Stj\u00e4rnkliniken business vill hj\u00e4lpa dig. Kan du som f\u00f6retag f\u00f6rebygga sjukskrivningar och sjukdom?. Vi har sett att ett f\u00f6retag som arbetar med proaktiva \u00e5tg\u00e4rder har l\u00e4gre antal l\u00e5ngtidssjukskrivningar<\/p>\n","protected":false},"author":91,"featured_media":2236,"comment_status":"closed","ping_status":"closed","sticky":false,"template":"","format":"standard","meta":{"_acf_changed":false,"mc4wp_mailchimp_campaign":[],"footnotes":""},"categories":[1],"tags":[],"class_list":["post-9590","post","type-post","status-publish","format-standard","has-post-thumbnail","hentry","category-nyheter"],"acf":[],"yoast_head":"<!-- This site is optimized with the Yoast SEO Premium plugin v22.6 (Yoast SEO v22.6) - https:\/\/yoast.com\/wordpress\/plugins\/seo\/ -->\n<title>Proaktiva insatser -hj\u00e4lper dig att n\u00e5 guld! - Stj\u00e4rnkliniken B2B<\/title>\n<meta name=\"description\" content=\"Vi p\u00e5 Stj\u00e4rnkliniken business vill hj\u00e4lpa dig som f\u00f6retag och dina anst\u00e4llda att producera, m\u00e5 bra och vara engagerade. Att se helheten som ett f\u00f6retag \u00e4r en framg\u00e5ngsfaktor. Som f\u00f6retag vet vi att personalkostnader oftast \u00e4r de h\u00f6gsta utgifterna men samtidigt som f\u00f6retaget \u00e4r helt beroende av sina anst\u00e4llda f\u00f6r int\u00e4kter och oms\u00e4ttning. Att ha en bra personalv\u00e5rd \u00e4r d\u00e4rf\u00f6r viktigt f\u00f6r att personalkostnaderna inte ska bli h\u00f6gre \u00e4n vad de redan \u00e4r. Kan du som f\u00f6retag f\u00f6rebygga sjukskrivningar och sjukdom?\" \/>\n<meta name=\"robots\" content=\"index, follow, max-snippet:-1, max-image-preview:large, max-video-preview:-1\" \/>\n<link rel=\"canonical\" href=\"https:\/\/www.stjarnkliniken.com\/b2b\/blogg\/proaktiva-insatser-hjalper-dig-att-na-guld\/\" \/>\n<meta property=\"og:locale\" content=\"sv_SE\" \/>\n<meta property=\"og:type\" content=\"article\" \/>\n<meta property=\"og:title\" content=\"Proaktiva insatser -hj\u00e4lper dig att n\u00e5 guld!\" \/>\n<meta property=\"og:description\" content=\"Vi p\u00e5 Stj\u00e4rnkliniken business vill hj\u00e4lpa dig som f\u00f6retag och dina anst\u00e4llda att producera, m\u00e5 bra och vara engagerade. Att se helheten som ett f\u00f6retag \u00e4r en framg\u00e5ngsfaktor. Som f\u00f6retag vet vi att personalkostnader oftast \u00e4r de h\u00f6gsta utgifterna men samtidigt som f\u00f6retaget \u00e4r helt beroende av sina anst\u00e4llda f\u00f6r int\u00e4kter och oms\u00e4ttning. Att ha en bra personalv\u00e5rd \u00e4r d\u00e4rf\u00f6r viktigt f\u00f6r att personalkostnaderna inte ska bli h\u00f6gre \u00e4n vad de redan \u00e4r. Kan du som f\u00f6retag f\u00f6rebygga sjukskrivningar och sjukdom?\" \/>\n<meta property=\"og:url\" content=\"https:\/\/www.stjarnkliniken.com\/b2b\/blogg\/proaktiva-insatser-hjalper-dig-att-na-guld\/\" \/>\n<meta property=\"og:site_name\" content=\"Stj\u00e4rnkliniken B2B\" \/>\n<meta property=\"article:published_time\" content=\"2024-10-03T09:18:13+00:00\" \/>\n<meta property=\"article:modified_time\" content=\"2024-10-03T09:18:14+00:00\" \/>\n<meta property=\"og:image\" content=\"https:\/\/www.stjarnkliniken.com\/b2b\/wp-content\/uploads\/sites\/2\/2017\/05\/Optimering.png\" \/>\n\t<meta property=\"og:image:width\" content=\"842\" \/>\n\t<meta property=\"og:image:height\" content=\"596\" \/>\n\t<meta property=\"og:image:type\" content=\"image\/png\" \/>\n<meta name=\"author\" content=\"fridabylinder\" \/>\n<meta name=\"twitter:card\" content=\"summary_large_image\" \/>\n<meta name=\"twitter:label1\" content=\"Skriven av\" \/>\n\t<meta name=\"twitter:data1\" content=\"fridabylinder\" \/>\n\t<meta name=\"twitter:label2\" content=\"Ber\u00e4knad l\u00e4stid\" \/>\n\t<meta name=\"twitter:data2\" content=\"2 minuter\" \/>\n<script type=\"application\/ld+json\" class=\"yoast-schema-graph\">{\"@context\":\"https:\/\/schema.org\",\"@graph\":[{\"@type\":\"WebPage\",\"@id\":\"https:\/\/www.stjarnkliniken.com\/b2b\/blogg\/proaktiva-insatser-hjalper-dig-att-na-guld\/\",\"url\":\"https:\/\/www.stjarnkliniken.com\/b2b\/blogg\/proaktiva-insatser-hjalper-dig-att-na-guld\/\",\"name\":\"Proaktiva insatser -hj\u00e4lper dig att n\u00e5 guld! - Stj\u00e4rnkliniken B2B\",\"isPartOf\":{\"@id\":\"https:\/\/www.stjarnkliniken.com\/b2b\/#website\"},\"primaryImageOfPage\":{\"@id\":\"https:\/\/www.stjarnkliniken.com\/b2b\/blogg\/proaktiva-insatser-hjalper-dig-att-na-guld\/#primaryimage\"},\"image\":{\"@id\":\"https:\/\/www.stjarnkliniken.com\/b2b\/blogg\/proaktiva-insatser-hjalper-dig-att-na-guld\/#primaryimage\"},\"thumbnailUrl\":\"https:\/\/www.stjarnkliniken.com\/b2b\/wp-content\/uploads\/sites\/2\/2017\/05\/Optimering.png\",\"datePublished\":\"2024-10-03T09:18:13+00:00\",\"dateModified\":\"2024-10-03T09:18:14+00:00\",\"author\":{\"@id\":\"https:\/\/www.stjarnkliniken.com\/b2b\/#\/schema\/person\/f8d14bd90164a32d7ccf34d614824d0b\"},\"description\":\"Vi p\u00e5 Stj\u00e4rnkliniken business vill hj\u00e4lpa dig som f\u00f6retag och dina anst\u00e4llda att producera, m\u00e5 bra och vara engagerade. Att se helheten som ett f\u00f6retag \u00e4r en framg\u00e5ngsfaktor. Som f\u00f6retag vet vi att personalkostnader oftast \u00e4r de h\u00f6gsta utgifterna men samtidigt som f\u00f6retaget \u00e4r helt beroende av sina anst\u00e4llda f\u00f6r int\u00e4kter och oms\u00e4ttning. Att ha en bra personalv\u00e5rd \u00e4r d\u00e4rf\u00f6r viktigt f\u00f6r att personalkostnaderna inte ska bli h\u00f6gre \u00e4n vad de redan \u00e4r. Kan du som f\u00f6retag f\u00f6rebygga sjukskrivningar och sjukdom?\",\"breadcrumb\":{\"@id\":\"https:\/\/www.stjarnkliniken.com\/b2b\/blogg\/proaktiva-insatser-hjalper-dig-att-na-guld\/#breadcrumb\"},\"inLanguage\":\"sv-SE\",\"potentialAction\":[{\"@type\":\"ReadAction\",\"target\":[\"https:\/\/www.stjarnkliniken.com\/b2b\/blogg\/proaktiva-insatser-hjalper-dig-att-na-guld\/\"]}]},{\"@type\":\"ImageObject\",\"inLanguage\":\"sv-SE\",\"@id\":\"https:\/\/www.stjarnkliniken.com\/b2b\/blogg\/proaktiva-insatser-hjalper-dig-att-na-guld\/#primaryimage\",\"url\":\"https:\/\/www.stjarnkliniken.com\/b2b\/wp-content\/uploads\/sites\/2\/2017\/05\/Optimering.png\",\"contentUrl\":\"https:\/\/www.stjarnkliniken.com\/b2b\/wp-content\/uploads\/sites\/2\/2017\/05\/Optimering.png\",\"width\":842,\"height\":596},{\"@type\":\"BreadcrumbList\",\"@id\":\"https:\/\/www.stjarnkliniken.com\/b2b\/blogg\/proaktiva-insatser-hjalper-dig-att-na-guld\/#breadcrumb\",\"itemListElement\":[{\"@type\":\"ListItem\",\"position\":1,\"name\":\"Hem\",\"item\":\"https:\/\/www.stjarnkliniken.com\/b2b\/\"},{\"@type\":\"ListItem\",\"position\":2,\"name\":\"Proaktiva insatser -hj\u00e4lper dig att n\u00e5 guld!\"}]},{\"@type\":\"WebSite\",\"@id\":\"https:\/\/www.stjarnkliniken.com\/b2b\/#website\",\"url\":\"https:\/\/www.stjarnkliniken.com\/b2b\/\",\"name\":\"Stj\u00e4rnkliniken B2B\",\"description\":\"Stj\u00e4rnkliniken: Naprapati &amp; massage - ingen v\u00e4ntetid, ingen remiss!\",\"potentialAction\":[{\"@type\":\"SearchAction\",\"target\":{\"@type\":\"EntryPoint\",\"urlTemplate\":\"https:\/\/www.stjarnkliniken.com\/b2b\/?s={search_term_string}\"},\"query-input\":\"required name=search_term_string\"}],\"inLanguage\":\"sv-SE\"},{\"@type\":\"Person\",\"@id\":\"https:\/\/www.stjarnkliniken.com\/b2b\/#\/schema\/person\/f8d14bd90164a32d7ccf34d614824d0b\",\"name\":\"fridabylinder\",\"image\":{\"@type\":\"ImageObject\",\"inLanguage\":\"sv-SE\",\"@id\":\"https:\/\/www.stjarnkliniken.com\/b2b\/#\/schema\/person\/image\/\",\"url\":\"https:\/\/secure.gravatar.com\/avatar\/36dd9c3cf4d2f8624d4fe7d91f21bd43061433701d3cf156653831d1bc0d7f59?s=96&d=mm&r=g\",\"contentUrl\":\"https:\/\/secure.gravatar.com\/avatar\/36dd9c3cf4d2f8624d4fe7d91f21bd43061433701d3cf156653831d1bc0d7f59?s=96&d=mm&r=g\",\"caption\":\"fridabylinder\"},\"url\":\"https:\/\/www.stjarnkliniken.com\/b2b\/blogg\/author\/fridabylinder\/\"}]}<\/script>\n<!-- \/ Yoast SEO Premium plugin. -->","yoast_head_json":{"title":"Proaktiva insatser -hj\u00e4lper dig att n\u00e5 guld! - Stj\u00e4rnkliniken B2B","description":"Vi p\u00e5 Stj\u00e4rnkliniken business vill hj\u00e4lpa dig som f\u00f6retag och dina anst\u00e4llda att producera, m\u00e5 bra och vara engagerade. Att se helheten som ett f\u00f6retag \u00e4r en framg\u00e5ngsfaktor. Som f\u00f6retag vet vi att personalkostnader oftast \u00e4r de h\u00f6gsta utgifterna men samtidigt som f\u00f6retaget \u00e4r helt beroende av sina anst\u00e4llda f\u00f6r int\u00e4kter och oms\u00e4ttning. Att ha en bra personalv\u00e5rd \u00e4r d\u00e4rf\u00f6r viktigt f\u00f6r att personalkostnaderna inte ska bli h\u00f6gre \u00e4n vad de redan \u00e4r. Kan du som f\u00f6retag f\u00f6rebygga sjukskrivningar och sjukdom?","robots":{"index":"index","follow":"follow","max-snippet":"max-snippet:-1","max-image-preview":"max-image-preview:large","max-video-preview":"max-video-preview:-1"},"canonical":"https:\/\/www.stjarnkliniken.com\/b2b\/blogg\/proaktiva-insatser-hjalper-dig-att-na-guld\/","og_locale":"sv_SE","og_type":"article","og_title":"Proaktiva insatser -hj\u00e4lper dig att n\u00e5 guld!","og_description":"Vi p\u00e5 Stj\u00e4rnkliniken business vill hj\u00e4lpa dig som f\u00f6retag och dina anst\u00e4llda att producera, m\u00e5 bra och vara engagerade. Att se helheten som ett f\u00f6retag \u00e4r en framg\u00e5ngsfaktor. Som f\u00f6retag vet vi att personalkostnader oftast \u00e4r de h\u00f6gsta utgifterna men samtidigt som f\u00f6retaget \u00e4r helt beroende av sina anst\u00e4llda f\u00f6r int\u00e4kter och oms\u00e4ttning. Att ha en bra personalv\u00e5rd \u00e4r d\u00e4rf\u00f6r viktigt f\u00f6r att personalkostnaderna inte ska bli h\u00f6gre \u00e4n vad de redan \u00e4r. Kan du som f\u00f6retag f\u00f6rebygga sjukskrivningar och sjukdom?","og_url":"https:\/\/www.stjarnkliniken.com\/b2b\/blogg\/proaktiva-insatser-hjalper-dig-att-na-guld\/","og_site_name":"Stj\u00e4rnkliniken B2B","article_published_time":"2024-10-03T09:18:13+00:00","article_modified_time":"2024-10-03T09:18:14+00:00","og_image":[{"url":"https:\/\/www.stjarnkliniken.com\/b2b\/wp-content\/uploads\/sites\/2\/2017\/05\/Optimering.png","width":842,"height":596,"type":"image\/png"}],"author":"fridabylinder","twitter_card":"summary_large_image","twitter_misc":{"Skriven av":"fridabylinder","Ber\u00e4knad l\u00e4stid":"2 minuter"},"schema":{"@context":"https:\/\/schema.org","@graph":[{"@type":"WebPage","@id":"https:\/\/www.stjarnkliniken.com\/b2b\/blogg\/proaktiva-insatser-hjalper-dig-att-na-guld\/","url":"https:\/\/www.stjarnkliniken.com\/b2b\/blogg\/proaktiva-insatser-hjalper-dig-att-na-guld\/","name":"Proaktiva insatser -hj\u00e4lper dig att n\u00e5 guld! - Stj\u00e4rnkliniken B2B","isPartOf":{"@id":"https:\/\/www.stjarnkliniken.com\/b2b\/#website"},"primaryImageOfPage":{"@id":"https:\/\/www.stjarnkliniken.com\/b2b\/blogg\/proaktiva-insatser-hjalper-dig-att-na-guld\/#primaryimage"},"image":{"@id":"https:\/\/www.stjarnkliniken.com\/b2b\/blogg\/proaktiva-insatser-hjalper-dig-att-na-guld\/#primaryimage"},"thumbnailUrl":"https:\/\/www.stjarnkliniken.com\/b2b\/wp-content\/uploads\/sites\/2\/2017\/05\/Optimering.png","datePublished":"2024-10-03T09:18:13+00:00","dateModified":"2024-10-03T09:18:14+00:00","author":{"@id":"https:\/\/www.stjarnkliniken.com\/b2b\/#\/schema\/person\/f8d14bd90164a32d7ccf34d614824d0b"},"description":"Vi p\u00e5 Stj\u00e4rnkliniken business vill hj\u00e4lpa dig som f\u00f6retag och dina anst\u00e4llda att producera, m\u00e5 bra och vara engagerade. Att se helheten som ett f\u00f6retag \u00e4r en framg\u00e5ngsfaktor. Som f\u00f6retag vet vi att personalkostnader oftast \u00e4r de h\u00f6gsta utgifterna men samtidigt som f\u00f6retaget \u00e4r helt beroende av sina anst\u00e4llda f\u00f6r int\u00e4kter och oms\u00e4ttning. Att ha en bra personalv\u00e5rd \u00e4r d\u00e4rf\u00f6r viktigt f\u00f6r att personalkostnaderna inte ska bli h\u00f6gre \u00e4n vad de redan \u00e4r. Kan du som f\u00f6retag f\u00f6rebygga sjukskrivningar och sjukdom?","breadcrumb":{"@id":"https:\/\/www.stjarnkliniken.com\/b2b\/blogg\/proaktiva-insatser-hjalper-dig-att-na-guld\/#breadcrumb"},"inLanguage":"sv-SE","potentialAction":[{"@type":"ReadAction","target":["https:\/\/www.stjarnkliniken.com\/b2b\/blogg\/proaktiva-insatser-hjalper-dig-att-na-guld\/"]}]},{"@type":"ImageObject","inLanguage":"sv-SE","@id":"https:\/\/www.stjarnkliniken.com\/b2b\/blogg\/proaktiva-insatser-hjalper-dig-att-na-guld\/#primaryimage","url":"https:\/\/www.stjarnkliniken.com\/b2b\/wp-content\/uploads\/sites\/2\/2017\/05\/Optimering.png","contentUrl":"https:\/\/www.stjarnkliniken.com\/b2b\/wp-content\/uploads\/sites\/2\/2017\/05\/Optimering.png","width":842,"height":596},{"@type":"BreadcrumbList","@id":"https:\/\/www.stjarnkliniken.com\/b2b\/blogg\/proaktiva-insatser-hjalper-dig-att-na-guld\/#breadcrumb","itemListElement":[{"@type":"ListItem","position":1,"name":"Hem","item":"https:\/\/www.stjarnkliniken.com\/b2b\/"},{"@type":"ListItem","position":2,"name":"Proaktiva insatser -hj\u00e4lper dig att n\u00e5 guld!"}]},{"@type":"WebSite","@id":"https:\/\/www.stjarnkliniken.com\/b2b\/#website","url":"https:\/\/www.stjarnkliniken.com\/b2b\/","name":"Stj\u00e4rnkliniken B2B","description":"Stj\u00e4rnkliniken: Naprapati &amp; massage - ingen v\u00e4ntetid, ingen remiss!","potentialAction":[{"@type":"SearchAction","target":{"@type":"EntryPoint","urlTemplate":"https:\/\/www.stjarnkliniken.com\/b2b\/?s={search_term_string}"},"query-input":"required name=search_term_string"}],"inLanguage":"sv-SE"},{"@type":"Person","@id":"https:\/\/www.stjarnkliniken.com\/b2b\/#\/schema\/person\/f8d14bd90164a32d7ccf34d614824d0b","name":"fridabylinder","image":{"@type":"ImageObject","inLanguage":"sv-SE","@id":"https:\/\/www.stjarnkliniken.com\/b2b\/#\/schema\/person\/image\/","url":"https:\/\/secure.gravatar.com\/avatar\/36dd9c3cf4d2f8624d4fe7d91f21bd43061433701d3cf156653831d1bc0d7f59?s=96&d=mm&r=g","contentUrl":"https:\/\/secure.gravatar.com\/avatar\/36dd9c3cf4d2f8624d4fe7d91f21bd43061433701d3cf156653831d1bc0d7f59?s=96&d=mm&r=g","caption":"fridabylinder"},"url":"https:\/\/www.stjarnkliniken.com\/b2b\/blogg\/author\/fridabylinder\/"}]}},"_links":{"self":[{"href":"https:\/\/www.stjarnkliniken.com\/b2b\/wp-json\/wp\/v2\/posts\/9590","targetHints":{"allow":["GET"]}}],"collection":[{"href":"https:\/\/www.stjarnkliniken.com\/b2b\/wp-json\/wp\/v2\/posts"}],"about":[{"href":"https:\/\/www.stjarnkliniken.com\/b2b\/wp-json\/wp\/v2\/types\/post"}],"author":[{"embeddable":true,"href":"https:\/\/www.stjarnkliniken.com\/b2b\/wp-json\/wp\/v2\/users\/91"}],"replies":[{"embeddable":true,"href":"https:\/\/www.stjarnkliniken.com\/b2b\/wp-json\/wp\/v2\/comments?post=9590"}],"version-history":[{"count":2,"href":"https:\/\/www.stjarnkliniken.com\/b2b\/wp-json\/wp\/v2\/posts\/9590\/revisions"}],"predecessor-version":[{"id":9593,"href":"https:\/\/www.stjarnkliniken.com\/b2b\/wp-json\/wp\/v2\/posts\/9590\/revisions\/9593"}],"wp:featuredmedia":[{"embeddable":true,"href":"https:\/\/www.stjarnkliniken.com\/b2b\/wp-json\/wp\/v2\/media\/2236"}],"wp:attachment":[{"href":"https:\/\/www.stjarnkliniken.com\/b2b\/wp-json\/wp\/v2\/media?parent=9590"}],"wp:term":[{"taxonomy":"category","embeddable":true,"href":"https:\/\/www.stjarnkliniken.com\/b2b\/wp-json\/wp\/v2\/categories?post=9590"},{"taxonomy":"post_tag","embeddable":true,"href":"https:\/\/www.stjarnkliniken.com\/b2b\/wp-json\/wp\/v2\/tags?post=9590"}],"curies":[{"name":"wp","href":"https:\/\/api.w.org\/{rel}","templated":true}]}}