{"id":9311,"date":"2023-10-06T07:48:00","date_gmt":"2023-10-06T07:48:00","guid":{"rendered":"https:\/\/www.stjarnkliniken.com\/b2b\/?p=9311"},"modified":"2023-10-06T12:08:42","modified_gmt":"2023-10-06T12:08:42","slug":"halsodag-pa-jobbet-anlita-stjarnklinikens-team","status":"publish","type":"post","link":"https:\/\/www.stjarnkliniken.com\/b2b\/blogg\/halsodag-pa-jobbet-anlita-stjarnklinikens-team\/","title":{"rendered":"H\u00e4lsodag p\u00e5 jobbet &#8211; anlita Stj\u00e4rnklinikens team"},"content":{"rendered":"\n<p>H\u00e4lsodag, h\u00e4lsovecka, s\u00e4kerhetsvecka, personalvecka m.m. K\u00e4rt barn har m\u00e5nga namn, men det som \u00e4r gemensamt \u00e4r att personalens h\u00e4lsa och s\u00e4kerhet st\u00e5r i centrum. Det \u00e4r ett tillf\u00e4lle att l\u00e5ta personalen inspireras och engageras i h\u00e4lsofr\u00e5gor genom olika aktiviteter och just det \u00e4r Stj\u00e4rnklinikens team v\u00e4ldigt bra p\u00e5! H\u00e4r nedan kommer n\u00e5gra exempel p\u00e5 aktiviteter, men vi anpassar alltid efter era behov.<\/p>\n\n\n\n<ul class=\"wp-block-list\"><li>Massage<\/li><li>Grupptr\u00e4ningspass<\/li><li>Medicinsk yoga<\/li><li>Inspirationsf\u00f6rel\u00e4sning om h\u00e4lsa, motivation och sj\u00e4lvledarskap<\/li><li>Monter med experter att fr\u00e5ga<\/li><\/ul>\n\n\n\n<p>Varmt v\u00e4lkommen att h\u00f6ra av er till oss p\u00e5 business@stjarnkliniken.com.<\/p>\n","protected":false},"excerpt":{"rendered":"<p>H\u00e4lsodag h\u00e4lsovecka s\u00e4kerhetsvecka personalvecka m.m. K\u00e4rt barn har m\u00e5nga namn men det som \u00e4r gemensamt \u00e4r att personalens h\u00e4lsa och s\u00e4kerhet st\u00e5r i centrum. Det \u00e4r ett tillf\u00e4lle att l\u00e5ta personalen inspireras och engageras i h\u00e4lsofr\u00e5gor genom olika aktiviteter och&hellip;<\/p>\n","protected":false},"author":16,"featured_media":4646,"comment_status":"closed","ping_status":"closed","sticky":false,"template":"","format":"standard","meta":{"_acf_changed":false,"mc4wp_mailchimp_campaign":[],"footnotes":""},"categories":[1],"tags":[],"class_list":["post-9311","post","type-post","status-publish","format-standard","has-post-thumbnail","hentry","category-nyheter"],"acf":[],"yoast_head":"<!-- This site is optimized with the Yoast SEO Premium plugin v22.6 (Yoast SEO v22.6) - https:\/\/yoast.com\/wordpress\/plugins\/seo\/ -->\n<title>H\u00e4lsodag p\u00e5 jobbet - anlita Stj\u00e4rnklinikens team<\/title>\n<meta name=\"description\" content=\"H\u00e4lsodag \u00e4r n\u00e4r personalens h\u00e4lsa och s\u00e4kerhet st\u00e5r i centrum och Stj\u00e4rnkliniken \u00e4r bra p\u00e5 att inspirera och engagera!\" \/>\n<meta name=\"robots\" content=\"index, follow, max-snippet:-1, max-image-preview:large, max-video-preview:-1\" \/>\n<link rel=\"canonical\" href=\"https:\/\/www.stjarnkliniken.com\/b2b\/blogg\/halsodag-pa-jobbet-anlita-stjarnklinikens-team\/\" \/>\n<meta property=\"og:locale\" content=\"sv_SE\" \/>\n<meta property=\"og:type\" content=\"article\" \/>\n<meta property=\"og:title\" content=\"H\u00e4lsodag p\u00e5 jobbet - anlita Stj\u00e4rnklinikens team\" \/>\n<meta property=\"og:description\" content=\"H\u00e4lsodag \u00e4r n\u00e4r personalens h\u00e4lsa och s\u00e4kerhet st\u00e5r i centrum och Stj\u00e4rnkliniken \u00e4r bra p\u00e5 att inspirera och engagera!\" \/>\n<meta property=\"og:url\" content=\"https:\/\/www.stjarnkliniken.com\/b2b\/blogg\/halsodag-pa-jobbet-anlita-stjarnklinikens-team\/\" \/>\n<meta property=\"og:site_name\" content=\"Stj\u00e4rnkliniken B2B\" \/>\n<meta property=\"article:published_time\" content=\"2023-10-06T07:48:00+00:00\" \/>\n<meta property=\"article:modified_time\" content=\"2023-10-06T12:08:42+00:00\" \/>\n<meta property=\"og:image\" content=\"https:\/\/www.stjarnkliniken.com\/b2b\/wp-content\/uploads\/sites\/2\/2019\/12\/190619_stjarnkliniken_1259-1200x630.jpg\" \/>\n\t<meta property=\"og:image:width\" content=\"1200\" \/>\n\t<meta property=\"og:image:height\" content=\"630\" \/>\n\t<meta property=\"og:image:type\" content=\"image\/jpeg\" \/>\n<meta name=\"author\" content=\"magdalenaloman\" \/>\n<meta name=\"twitter:card\" content=\"summary_large_image\" \/>\n<meta name=\"twitter:label1\" content=\"Skriven av\" \/>\n\t<meta name=\"twitter:data1\" content=\"magdalenaloman\" \/>\n\t<meta name=\"twitter:label2\" content=\"Ber\u00e4knad l\u00e4stid\" \/>\n\t<meta name=\"twitter:data2\" content=\"1 minut\" \/>\n<script type=\"application\/ld+json\" class=\"yoast-schema-graph\">{\"@context\":\"https:\/\/schema.org\",\"@graph\":[{\"@type\":\"WebPage\",\"@id\":\"https:\/\/www.stjarnkliniken.com\/b2b\/blogg\/halsodag-pa-jobbet-anlita-stjarnklinikens-team\/\",\"url\":\"https:\/\/www.stjarnkliniken.com\/b2b\/blogg\/halsodag-pa-jobbet-anlita-stjarnklinikens-team\/\",\"name\":\"H\u00e4lsodag p\u00e5 jobbet - anlita Stj\u00e4rnklinikens team\",\"isPartOf\":{\"@id\":\"https:\/\/www.stjarnkliniken.com\/b2b\/#website\"},\"primaryImageOfPage\":{\"@id\":\"https:\/\/www.stjarnkliniken.com\/b2b\/blogg\/halsodag-pa-jobbet-anlita-stjarnklinikens-team\/#primaryimage\"},\"image\":{\"@id\":\"https:\/\/www.stjarnkliniken.com\/b2b\/blogg\/halsodag-pa-jobbet-anlita-stjarnklinikens-team\/#primaryimage\"},\"thumbnailUrl\":\"https:\/\/www.stjarnkliniken.com\/b2b\/wp-content\/uploads\/sites\/2\/2019\/12\/190619_stjarnkliniken_1259-scaled.jpg\",\"datePublished\":\"2023-10-06T07:48:00+00:00\",\"dateModified\":\"2023-10-06T12:08:42+00:00\",\"author\":{\"@id\":\"https:\/\/www.stjarnkliniken.com\/b2b\/#\/schema\/person\/2b1d3857472af009d2afff16e0364d2a\"},\"description\":\"H\u00e4lsodag \u00e4r n\u00e4r personalens h\u00e4lsa och s\u00e4kerhet st\u00e5r i centrum och Stj\u00e4rnkliniken \u00e4r bra p\u00e5 att inspirera och engagera!\",\"breadcrumb\":{\"@id\":\"https:\/\/www.stjarnkliniken.com\/b2b\/blogg\/halsodag-pa-jobbet-anlita-stjarnklinikens-team\/#breadcrumb\"},\"inLanguage\":\"sv-SE\",\"potentialAction\":[{\"@type\":\"ReadAction\",\"target\":[\"https:\/\/www.stjarnkliniken.com\/b2b\/blogg\/halsodag-pa-jobbet-anlita-stjarnklinikens-team\/\"]}]},{\"@type\":\"ImageObject\",\"inLanguage\":\"sv-SE\",\"@id\":\"https:\/\/www.stjarnkliniken.com\/b2b\/blogg\/halsodag-pa-jobbet-anlita-stjarnklinikens-team\/#primaryimage\",\"url\":\"https:\/\/www.stjarnkliniken.com\/b2b\/wp-content\/uploads\/sites\/2\/2019\/12\/190619_stjarnkliniken_1259-scaled.jpg\",\"contentUrl\":\"https:\/\/www.stjarnkliniken.com\/b2b\/wp-content\/uploads\/sites\/2\/2019\/12\/190619_stjarnkliniken_1259-scaled.jpg\",\"width\":2560,\"height\":1707},{\"@type\":\"BreadcrumbList\",\"@id\":\"https:\/\/www.stjarnkliniken.com\/b2b\/blogg\/halsodag-pa-jobbet-anlita-stjarnklinikens-team\/#breadcrumb\",\"itemListElement\":[{\"@type\":\"ListItem\",\"position\":1,\"name\":\"Hem\",\"item\":\"https:\/\/www.stjarnkliniken.com\/b2b\/\"},{\"@type\":\"ListItem\",\"position\":2,\"name\":\"H\u00e4lsodag p\u00e5 jobbet &#8211; anlita Stj\u00e4rnklinikens team\"}]},{\"@type\":\"WebSite\",\"@id\":\"https:\/\/www.stjarnkliniken.com\/b2b\/#website\",\"url\":\"https:\/\/www.stjarnkliniken.com\/b2b\/\",\"name\":\"Stj\u00e4rnkliniken B2B\",\"description\":\"Stj\u00e4rnkliniken: Naprapati &amp; massage - ingen v\u00e4ntetid, ingen remiss!\",\"potentialAction\":[{\"@type\":\"SearchAction\",\"target\":{\"@type\":\"EntryPoint\",\"urlTemplate\":\"https:\/\/www.stjarnkliniken.com\/b2b\/?s={search_term_string}\"},\"query-input\":\"required name=search_term_string\"}],\"inLanguage\":\"sv-SE\"},{\"@type\":\"Person\",\"@id\":\"https:\/\/www.stjarnkliniken.com\/b2b\/#\/schema\/person\/2b1d3857472af009d2afff16e0364d2a\",\"name\":\"magdalenaloman\",\"image\":{\"@type\":\"ImageObject\",\"inLanguage\":\"sv-SE\",\"@id\":\"https:\/\/www.stjarnkliniken.com\/b2b\/#\/schema\/person\/image\/\",\"url\":\"https:\/\/secure.gravatar.com\/avatar\/d7011a1c569f1d16db84607431d088243ff96a83d7a4be6c548ecf4e8728e13b?s=96&d=mm&r=g\",\"contentUrl\":\"https:\/\/secure.gravatar.com\/avatar\/d7011a1c569f1d16db84607431d088243ff96a83d7a4be6c548ecf4e8728e13b?s=96&d=mm&r=g\",\"caption\":\"magdalenaloman\"},\"url\":\"https:\/\/www.stjarnkliniken.com\/b2b\/blogg\/author\/magdalenaloman\/\"}]}<\/script>\n<!-- \/ Yoast SEO Premium plugin. -->","yoast_head_json":{"title":"H\u00e4lsodag p\u00e5 jobbet - anlita Stj\u00e4rnklinikens team","description":"H\u00e4lsodag \u00e4r n\u00e4r personalens h\u00e4lsa och s\u00e4kerhet st\u00e5r i centrum och Stj\u00e4rnkliniken \u00e4r bra p\u00e5 att inspirera och engagera!","robots":{"index":"index","follow":"follow","max-snippet":"max-snippet:-1","max-image-preview":"max-image-preview:large","max-video-preview":"max-video-preview:-1"},"canonical":"https:\/\/www.stjarnkliniken.com\/b2b\/blogg\/halsodag-pa-jobbet-anlita-stjarnklinikens-team\/","og_locale":"sv_SE","og_type":"article","og_title":"H\u00e4lsodag p\u00e5 jobbet - anlita Stj\u00e4rnklinikens team","og_description":"H\u00e4lsodag \u00e4r n\u00e4r personalens h\u00e4lsa och s\u00e4kerhet st\u00e5r i centrum och Stj\u00e4rnkliniken \u00e4r bra p\u00e5 att inspirera och engagera!","og_url":"https:\/\/www.stjarnkliniken.com\/b2b\/blogg\/halsodag-pa-jobbet-anlita-stjarnklinikens-team\/","og_site_name":"Stj\u00e4rnkliniken B2B","article_published_time":"2023-10-06T07:48:00+00:00","article_modified_time":"2023-10-06T12:08:42+00:00","og_image":[{"width":1200,"height":630,"url":"https:\/\/www.stjarnkliniken.com\/b2b\/wp-content\/uploads\/sites\/2\/2019\/12\/190619_stjarnkliniken_1259-1200x630.jpg","type":"image\/jpeg"}],"author":"magdalenaloman","twitter_card":"summary_large_image","twitter_misc":{"Skriven av":"magdalenaloman","Ber\u00e4knad l\u00e4stid":"1 minut"},"schema":{"@context":"https:\/\/schema.org","@graph":[{"@type":"WebPage","@id":"https:\/\/www.stjarnkliniken.com\/b2b\/blogg\/halsodag-pa-jobbet-anlita-stjarnklinikens-team\/","url":"https:\/\/www.stjarnkliniken.com\/b2b\/blogg\/halsodag-pa-jobbet-anlita-stjarnklinikens-team\/","name":"H\u00e4lsodag p\u00e5 jobbet - anlita Stj\u00e4rnklinikens team","isPartOf":{"@id":"https:\/\/www.stjarnkliniken.com\/b2b\/#website"},"primaryImageOfPage":{"@id":"https:\/\/www.stjarnkliniken.com\/b2b\/blogg\/halsodag-pa-jobbet-anlita-stjarnklinikens-team\/#primaryimage"},"image":{"@id":"https:\/\/www.stjarnkliniken.com\/b2b\/blogg\/halsodag-pa-jobbet-anlita-stjarnklinikens-team\/#primaryimage"},"thumbnailUrl":"https:\/\/www.stjarnkliniken.com\/b2b\/wp-content\/uploads\/sites\/2\/2019\/12\/190619_stjarnkliniken_1259-scaled.jpg","datePublished":"2023-10-06T07:48:00+00:00","dateModified":"2023-10-06T12:08:42+00:00","author":{"@id":"https:\/\/www.stjarnkliniken.com\/b2b\/#\/schema\/person\/2b1d3857472af009d2afff16e0364d2a"},"description":"H\u00e4lsodag \u00e4r n\u00e4r personalens h\u00e4lsa och s\u00e4kerhet st\u00e5r i centrum och Stj\u00e4rnkliniken \u00e4r bra p\u00e5 att inspirera och engagera!","breadcrumb":{"@id":"https:\/\/www.stjarnkliniken.com\/b2b\/blogg\/halsodag-pa-jobbet-anlita-stjarnklinikens-team\/#breadcrumb"},"inLanguage":"sv-SE","potentialAction":[{"@type":"ReadAction","target":["https:\/\/www.stjarnkliniken.com\/b2b\/blogg\/halsodag-pa-jobbet-anlita-stjarnklinikens-team\/"]}]},{"@type":"ImageObject","inLanguage":"sv-SE","@id":"https:\/\/www.stjarnkliniken.com\/b2b\/blogg\/halsodag-pa-jobbet-anlita-stjarnklinikens-team\/#primaryimage","url":"https:\/\/www.stjarnkliniken.com\/b2b\/wp-content\/uploads\/sites\/2\/2019\/12\/190619_stjarnkliniken_1259-scaled.jpg","contentUrl":"https:\/\/www.stjarnkliniken.com\/b2b\/wp-content\/uploads\/sites\/2\/2019\/12\/190619_stjarnkliniken_1259-scaled.jpg","width":2560,"height":1707},{"@type":"BreadcrumbList","@id":"https:\/\/www.stjarnkliniken.com\/b2b\/blogg\/halsodag-pa-jobbet-anlita-stjarnklinikens-team\/#breadcrumb","itemListElement":[{"@type":"ListItem","position":1,"name":"Hem","item":"https:\/\/www.stjarnkliniken.com\/b2b\/"},{"@type":"ListItem","position":2,"name":"H\u00e4lsodag p\u00e5 jobbet &#8211; anlita Stj\u00e4rnklinikens team"}]},{"@type":"WebSite","@id":"https:\/\/www.stjarnkliniken.com\/b2b\/#website","url":"https:\/\/www.stjarnkliniken.com\/b2b\/","name":"Stj\u00e4rnkliniken B2B","description":"Stj\u00e4rnkliniken: Naprapati &amp; massage - ingen v\u00e4ntetid, ingen remiss!","potentialAction":[{"@type":"SearchAction","target":{"@type":"EntryPoint","urlTemplate":"https:\/\/www.stjarnkliniken.com\/b2b\/?s={search_term_string}"},"query-input":"required name=search_term_string"}],"inLanguage":"sv-SE"},{"@type":"Person","@id":"https:\/\/www.stjarnkliniken.com\/b2b\/#\/schema\/person\/2b1d3857472af009d2afff16e0364d2a","name":"magdalenaloman","image":{"@type":"ImageObject","inLanguage":"sv-SE","@id":"https:\/\/www.stjarnkliniken.com\/b2b\/#\/schema\/person\/image\/","url":"https:\/\/secure.gravatar.com\/avatar\/d7011a1c569f1d16db84607431d088243ff96a83d7a4be6c548ecf4e8728e13b?s=96&d=mm&r=g","contentUrl":"https:\/\/secure.gravatar.com\/avatar\/d7011a1c569f1d16db84607431d088243ff96a83d7a4be6c548ecf4e8728e13b?s=96&d=mm&r=g","caption":"magdalenaloman"},"url":"https:\/\/www.stjarnkliniken.com\/b2b\/blogg\/author\/magdalenaloman\/"}]}},"_links":{"self":[{"href":"https:\/\/www.stjarnkliniken.com\/b2b\/wp-json\/wp\/v2\/posts\/9311","targetHints":{"allow":["GET"]}}],"collection":[{"href":"https:\/\/www.stjarnkliniken.com\/b2b\/wp-json\/wp\/v2\/posts"}],"about":[{"href":"https:\/\/www.stjarnkliniken.com\/b2b\/wp-json\/wp\/v2\/types\/post"}],"author":[{"embeddable":true,"href":"https:\/\/www.stjarnkliniken.com\/b2b\/wp-json\/wp\/v2\/users\/16"}],"replies":[{"embeddable":true,"href":"https:\/\/www.stjarnkliniken.com\/b2b\/wp-json\/wp\/v2\/comments?post=9311"}],"version-history":[{"count":3,"href":"https:\/\/www.stjarnkliniken.com\/b2b\/wp-json\/wp\/v2\/posts\/9311\/revisions"}],"predecessor-version":[{"id":9322,"href":"https:\/\/www.stjarnkliniken.com\/b2b\/wp-json\/wp\/v2\/posts\/9311\/revisions\/9322"}],"wp:featuredmedia":[{"embeddable":true,"href":"https:\/\/www.stjarnkliniken.com\/b2b\/wp-json\/wp\/v2\/media\/4646"}],"wp:attachment":[{"href":"https:\/\/www.stjarnkliniken.com\/b2b\/wp-json\/wp\/v2\/media?parent=9311"}],"wp:term":[{"taxonomy":"category","embeddable":true,"href":"https:\/\/www.stjarnkliniken.com\/b2b\/wp-json\/wp\/v2\/categories?post=9311"},{"taxonomy":"post_tag","embeddable":true,"href":"https:\/\/www.stjarnkliniken.com\/b2b\/wp-json\/wp\/v2\/tags?post=9311"}],"curies":[{"name":"wp","href":"https:\/\/api.w.org\/{rel}","templated":true}]}}