{"id":8882,"date":"2022-09-13T07:38:49","date_gmt":"2022-09-13T07:38:49","guid":{"rendered":"https:\/\/www.stjarnkliniken.com\/b2b\/?p=8882"},"modified":"2022-12-06T10:46:13","modified_gmt":"2022-12-06T10:46:13","slug":"ny-verksamhetsansvarig-for-stjarnkliniken-business","status":"publish","type":"post","link":"https:\/\/www.stjarnkliniken.com\/b2b\/blogg\/ny-verksamhetsansvarig-for-stjarnkliniken-business\/","title":{"rendered":"Ny verksamhetsansvarig f\u00f6r Stj\u00e4rnkliniken Business"},"content":{"rendered":"\n<p>Vi v\u00e4lkomnar Magdalena Loman som ny verksamhetsansvarig f\u00f6r Stj\u00e4rnkliniken Business. Magdalena \u00e4r Leg.naprapat med vidareutbildning inom f\u00f6retagsh\u00e4lsa och arbetsmilj\u00f6. Hon har tidigare varit arbetsmilj\u00f6konsult, verksamhetsansvarig f\u00f6r en f\u00f6retagsh\u00e4lsa, arbetat som ergonom, f\u00f6rel\u00e4sare och utbildare. Stj\u00e4rnkliniken v\u00e4xer och vill utvecklas inom benet f\u00f6retagsh\u00e4lsa och vi ser det som ett stort och viktigt steg att v\u00e4lkomna Magdalena som kommer att driva utvecklingen vidare.&nbsp;&nbsp;<\/p>\n\n\n\n<figure class=\"wp-block-image size-medium is-resized\"><img loading=\"lazy\" decoding=\"async\" src=\"https:\/\/www.stjarnkliniken.com\/img-srv\/0VGQPhrF6RyVVcB8g4o-YRibprsGKdG1tzqAm0qIOjg\/resizing_type:auto\/width:0\/height:300\/gravity:sm\/enlarge:1\/ext:jpg\/strip_metadata:1\/quality:80\/bG9jYWw6Ly8vc3RqYXJua2xpbmlrZW4vd3d3LnN0amFybmtsaW5pa2VuLmNvbS93cC1jb250ZW50L3VwbG9hZHMvc2l0ZXMvMi8yMDIyLzA5L21hZ2RhbGVuYS1sb21hbi5qcGc.jpg\" alt=\"\" class=\"wp-image-8883\" width=\"200\" height=\"300\"\/><\/figure>\n","protected":false},"excerpt":{"rendered":"<p>Vi v\u00e4lkomnar Magdalena Loman som ny verksamhetsansvarig f\u00f6r Stj\u00e4rnkliniken Business. Magdalena \u00e4r Leg.naprapat med vidareutbildning inom f\u00f6retagsh\u00e4lsa och arbetsmilj\u00f6. Hon har tidigare varit arbetsmilj\u00f6konsult verksamhetsansvarig f\u00f6r en f\u00f6retagsh\u00e4lsa arbetat som ergonom f\u00f6rel\u00e4sare och utbildare<\/p>\n","protected":false},"author":2,"featured_media":8885,"comment_status":"closed","ping_status":"closed","sticky":false,"template":"","format":"standard","meta":{"_acf_changed":false,"mc4wp_mailchimp_campaign":[],"footnotes":""},"categories":[1],"tags":[],"class_list":["post-8882","post","type-post","status-publish","format-standard","has-post-thumbnail","hentry","category-nyheter"],"acf":[],"yoast_head":"<!-- This site is optimized with the Yoast SEO Premium plugin v22.6 (Yoast SEO v22.6) - https:\/\/yoast.com\/wordpress\/plugins\/seo\/ -->\n<title>Ny verksamhetsansvarig f\u00f6r Stj\u00e4rnkliniken Business<\/title>\n<meta name=\"description\" content=\"Vi v\u00e4lkomnar Magdalena Loman som ny verksamhetsansvarig f\u00f6r Stj\u00e4rnkliniken Business. Magdalena \u00e4r Leg.naprapat med vidareutbildning inom f\u00f6retagsh\u00e4lsa och arbetsmilj\u00f6.\" \/>\n<meta name=\"robots\" content=\"index, follow, max-snippet:-1, max-image-preview:large, max-video-preview:-1\" \/>\n<link rel=\"canonical\" href=\"https:\/\/www.stjarnkliniken.com\/b2b\/blogg\/ny-verksamhetsansvarig-for-stjarnkliniken-business\/\" \/>\n<meta property=\"og:locale\" content=\"sv_SE\" \/>\n<meta property=\"og:type\" content=\"article\" \/>\n<meta property=\"og:title\" content=\"Ny verksamhetsansvarig f\u00f6r Stj\u00e4rnkliniken Business\" \/>\n<meta property=\"og:description\" content=\"Vi v\u00e4lkomnar Magdalena Loman som ny verksamhetsansvarig f\u00f6r Stj\u00e4rnkliniken Business. Magdalena \u00e4r Leg.naprapat med vidareutbildning inom f\u00f6retagsh\u00e4lsa och arbetsmilj\u00f6.\" \/>\n<meta property=\"og:url\" content=\"https:\/\/www.stjarnkliniken.com\/b2b\/blogg\/ny-verksamhetsansvarig-for-stjarnkliniken-business\/\" \/>\n<meta property=\"og:site_name\" content=\"Stj\u00e4rnkliniken B2B\" \/>\n<meta property=\"article:published_time\" content=\"2022-09-13T07:38:49+00:00\" \/>\n<meta property=\"article:modified_time\" content=\"2022-12-06T10:46:13+00:00\" \/>\n<meta property=\"og:image\" content=\"https:\/\/www.stjarnkliniken.com\/b2b\/wp-content\/uploads\/sites\/2\/2022\/09\/190619_stjarnkliniken_1469-1200x630.jpg\" \/>\n\t<meta property=\"og:image:width\" content=\"1200\" \/>\n\t<meta property=\"og:image:height\" content=\"630\" \/>\n\t<meta property=\"og:image:type\" content=\"image\/jpeg\" \/>\n<meta name=\"author\" content=\"lovisa\" \/>\n<meta name=\"twitter:card\" content=\"summary_large_image\" \/>\n<meta name=\"twitter:label1\" content=\"Skriven av\" \/>\n\t<meta name=\"twitter:data1\" content=\"lovisa\" \/>\n\t<meta name=\"twitter:label2\" content=\"Ber\u00e4knad l\u00e4stid\" \/>\n\t<meta name=\"twitter:data2\" content=\"1 minut\" \/>\n<script type=\"application\/ld+json\" class=\"yoast-schema-graph\">{\"@context\":\"https:\/\/schema.org\",\"@graph\":[{\"@type\":\"WebPage\",\"@id\":\"https:\/\/www.stjarnkliniken.com\/b2b\/blogg\/ny-verksamhetsansvarig-for-stjarnkliniken-business\/\",\"url\":\"https:\/\/www.stjarnkliniken.com\/b2b\/blogg\/ny-verksamhetsansvarig-for-stjarnkliniken-business\/\",\"name\":\"Ny verksamhetsansvarig f\u00f6r Stj\u00e4rnkliniken Business\",\"isPartOf\":{\"@id\":\"https:\/\/www.stjarnkliniken.com\/b2b\/#website\"},\"primaryImageOfPage\":{\"@id\":\"https:\/\/www.stjarnkliniken.com\/b2b\/blogg\/ny-verksamhetsansvarig-for-stjarnkliniken-business\/#primaryimage\"},\"image\":{\"@id\":\"https:\/\/www.stjarnkliniken.com\/b2b\/blogg\/ny-verksamhetsansvarig-for-stjarnkliniken-business\/#primaryimage\"},\"thumbnailUrl\":\"https:\/\/www.stjarnkliniken.com\/b2b\/wp-content\/uploads\/sites\/2\/2022\/09\/190619_stjarnkliniken_1469-scaled-e1663054689233.jpg\",\"datePublished\":\"2022-09-13T07:38:49+00:00\",\"dateModified\":\"2022-12-06T10:46:13+00:00\",\"author\":{\"@id\":\"https:\/\/www.stjarnkliniken.com\/b2b\/#\/schema\/person\/da4688df27f10386655463b3931e9083\"},\"description\":\"Vi v\u00e4lkomnar Magdalena Loman som ny verksamhetsansvarig f\u00f6r Stj\u00e4rnkliniken Business. Magdalena \u00e4r Leg.naprapat med vidareutbildning inom f\u00f6retagsh\u00e4lsa och arbetsmilj\u00f6.\",\"breadcrumb\":{\"@id\":\"https:\/\/www.stjarnkliniken.com\/b2b\/blogg\/ny-verksamhetsansvarig-for-stjarnkliniken-business\/#breadcrumb\"},\"inLanguage\":\"sv-SE\",\"potentialAction\":[{\"@type\":\"ReadAction\",\"target\":[\"https:\/\/www.stjarnkliniken.com\/b2b\/blogg\/ny-verksamhetsansvarig-for-stjarnkliniken-business\/\"]}]},{\"@type\":\"ImageObject\",\"inLanguage\":\"sv-SE\",\"@id\":\"https:\/\/www.stjarnkliniken.com\/b2b\/blogg\/ny-verksamhetsansvarig-for-stjarnkliniken-business\/#primaryimage\",\"url\":\"https:\/\/www.stjarnkliniken.com\/b2b\/wp-content\/uploads\/sites\/2\/2022\/09\/190619_stjarnkliniken_1469-scaled-e1663054689233.jpg\",\"contentUrl\":\"https:\/\/www.stjarnkliniken.com\/b2b\/wp-content\/uploads\/sites\/2\/2022\/09\/190619_stjarnkliniken_1469-scaled-e1663054689233.jpg\",\"width\":1000,\"height\":666},{\"@type\":\"BreadcrumbList\",\"@id\":\"https:\/\/www.stjarnkliniken.com\/b2b\/blogg\/ny-verksamhetsansvarig-for-stjarnkliniken-business\/#breadcrumb\",\"itemListElement\":[{\"@type\":\"ListItem\",\"position\":1,\"name\":\"Hem\",\"item\":\"https:\/\/www.stjarnkliniken.com\/b2b\/\"},{\"@type\":\"ListItem\",\"position\":2,\"name\":\"Ny verksamhetsansvarig f\u00f6r Stj\u00e4rnkliniken Business\"}]},{\"@type\":\"WebSite\",\"@id\":\"https:\/\/www.stjarnkliniken.com\/b2b\/#website\",\"url\":\"https:\/\/www.stjarnkliniken.com\/b2b\/\",\"name\":\"Stj\u00e4rnkliniken B2B\",\"description\":\"Stj\u00e4rnkliniken: Naprapati &amp; massage - ingen v\u00e4ntetid, ingen remiss!\",\"potentialAction\":[{\"@type\":\"SearchAction\",\"target\":{\"@type\":\"EntryPoint\",\"urlTemplate\":\"https:\/\/www.stjarnkliniken.com\/b2b\/?s={search_term_string}\"},\"query-input\":\"required name=search_term_string\"}],\"inLanguage\":\"sv-SE\"},{\"@type\":\"Person\",\"@id\":\"https:\/\/www.stjarnkliniken.com\/b2b\/#\/schema\/person\/da4688df27f10386655463b3931e9083\",\"name\":\"lovisa\",\"image\":{\"@type\":\"ImageObject\",\"inLanguage\":\"sv-SE\",\"@id\":\"https:\/\/www.stjarnkliniken.com\/b2b\/#\/schema\/person\/image\/\",\"url\":\"https:\/\/secure.gravatar.com\/avatar\/61bd268b045cfeca2c0cd45d57417d536d8b6fd814b544bcebf8f2205e44a100?s=96&d=mm&r=g\",\"contentUrl\":\"https:\/\/secure.gravatar.com\/avatar\/61bd268b045cfeca2c0cd45d57417d536d8b6fd814b544bcebf8f2205e44a100?s=96&d=mm&r=g\",\"caption\":\"lovisa\"},\"url\":\"https:\/\/www.stjarnkliniken.com\/b2b\/blogg\/author\/lovisa\/\"}]}<\/script>\n<!-- \/ Yoast SEO Premium plugin. -->","yoast_head_json":{"title":"Ny verksamhetsansvarig f\u00f6r Stj\u00e4rnkliniken Business","description":"Vi v\u00e4lkomnar Magdalena Loman som ny verksamhetsansvarig f\u00f6r Stj\u00e4rnkliniken Business. Magdalena \u00e4r Leg.naprapat med vidareutbildning inom f\u00f6retagsh\u00e4lsa och arbetsmilj\u00f6.","robots":{"index":"index","follow":"follow","max-snippet":"max-snippet:-1","max-image-preview":"max-image-preview:large","max-video-preview":"max-video-preview:-1"},"canonical":"https:\/\/www.stjarnkliniken.com\/b2b\/blogg\/ny-verksamhetsansvarig-for-stjarnkliniken-business\/","og_locale":"sv_SE","og_type":"article","og_title":"Ny verksamhetsansvarig f\u00f6r Stj\u00e4rnkliniken Business","og_description":"Vi v\u00e4lkomnar Magdalena Loman som ny verksamhetsansvarig f\u00f6r Stj\u00e4rnkliniken Business. Magdalena \u00e4r Leg.naprapat med vidareutbildning inom f\u00f6retagsh\u00e4lsa och arbetsmilj\u00f6.","og_url":"https:\/\/www.stjarnkliniken.com\/b2b\/blogg\/ny-verksamhetsansvarig-for-stjarnkliniken-business\/","og_site_name":"Stj\u00e4rnkliniken B2B","article_published_time":"2022-09-13T07:38:49+00:00","article_modified_time":"2022-12-06T10:46:13+00:00","og_image":[{"width":1200,"height":630,"url":"https:\/\/www.stjarnkliniken.com\/b2b\/wp-content\/uploads\/sites\/2\/2022\/09\/190619_stjarnkliniken_1469-1200x630.jpg","type":"image\/jpeg"}],"author":"lovisa","twitter_card":"summary_large_image","twitter_misc":{"Skriven av":"lovisa","Ber\u00e4knad l\u00e4stid":"1 minut"},"schema":{"@context":"https:\/\/schema.org","@graph":[{"@type":"WebPage","@id":"https:\/\/www.stjarnkliniken.com\/b2b\/blogg\/ny-verksamhetsansvarig-for-stjarnkliniken-business\/","url":"https:\/\/www.stjarnkliniken.com\/b2b\/blogg\/ny-verksamhetsansvarig-for-stjarnkliniken-business\/","name":"Ny verksamhetsansvarig f\u00f6r Stj\u00e4rnkliniken Business","isPartOf":{"@id":"https:\/\/www.stjarnkliniken.com\/b2b\/#website"},"primaryImageOfPage":{"@id":"https:\/\/www.stjarnkliniken.com\/b2b\/blogg\/ny-verksamhetsansvarig-for-stjarnkliniken-business\/#primaryimage"},"image":{"@id":"https:\/\/www.stjarnkliniken.com\/b2b\/blogg\/ny-verksamhetsansvarig-for-stjarnkliniken-business\/#primaryimage"},"thumbnailUrl":"https:\/\/www.stjarnkliniken.com\/b2b\/wp-content\/uploads\/sites\/2\/2022\/09\/190619_stjarnkliniken_1469-scaled-e1663054689233.jpg","datePublished":"2022-09-13T07:38:49+00:00","dateModified":"2022-12-06T10:46:13+00:00","author":{"@id":"https:\/\/www.stjarnkliniken.com\/b2b\/#\/schema\/person\/da4688df27f10386655463b3931e9083"},"description":"Vi v\u00e4lkomnar Magdalena Loman som ny verksamhetsansvarig f\u00f6r Stj\u00e4rnkliniken Business. Magdalena \u00e4r Leg.naprapat med vidareutbildning inom f\u00f6retagsh\u00e4lsa och arbetsmilj\u00f6.","breadcrumb":{"@id":"https:\/\/www.stjarnkliniken.com\/b2b\/blogg\/ny-verksamhetsansvarig-for-stjarnkliniken-business\/#breadcrumb"},"inLanguage":"sv-SE","potentialAction":[{"@type":"ReadAction","target":["https:\/\/www.stjarnkliniken.com\/b2b\/blogg\/ny-verksamhetsansvarig-for-stjarnkliniken-business\/"]}]},{"@type":"ImageObject","inLanguage":"sv-SE","@id":"https:\/\/www.stjarnkliniken.com\/b2b\/blogg\/ny-verksamhetsansvarig-for-stjarnkliniken-business\/#primaryimage","url":"https:\/\/www.stjarnkliniken.com\/b2b\/wp-content\/uploads\/sites\/2\/2022\/09\/190619_stjarnkliniken_1469-scaled-e1663054689233.jpg","contentUrl":"https:\/\/www.stjarnkliniken.com\/b2b\/wp-content\/uploads\/sites\/2\/2022\/09\/190619_stjarnkliniken_1469-scaled-e1663054689233.jpg","width":1000,"height":666},{"@type":"BreadcrumbList","@id":"https:\/\/www.stjarnkliniken.com\/b2b\/blogg\/ny-verksamhetsansvarig-for-stjarnkliniken-business\/#breadcrumb","itemListElement":[{"@type":"ListItem","position":1,"name":"Hem","item":"https:\/\/www.stjarnkliniken.com\/b2b\/"},{"@type":"ListItem","position":2,"name":"Ny verksamhetsansvarig f\u00f6r Stj\u00e4rnkliniken Business"}]},{"@type":"WebSite","@id":"https:\/\/www.stjarnkliniken.com\/b2b\/#website","url":"https:\/\/www.stjarnkliniken.com\/b2b\/","name":"Stj\u00e4rnkliniken B2B","description":"Stj\u00e4rnkliniken: Naprapati &amp; massage - ingen v\u00e4ntetid, ingen remiss!","potentialAction":[{"@type":"SearchAction","target":{"@type":"EntryPoint","urlTemplate":"https:\/\/www.stjarnkliniken.com\/b2b\/?s={search_term_string}"},"query-input":"required name=search_term_string"}],"inLanguage":"sv-SE"},{"@type":"Person","@id":"https:\/\/www.stjarnkliniken.com\/b2b\/#\/schema\/person\/da4688df27f10386655463b3931e9083","name":"lovisa","image":{"@type":"ImageObject","inLanguage":"sv-SE","@id":"https:\/\/www.stjarnkliniken.com\/b2b\/#\/schema\/person\/image\/","url":"https:\/\/secure.gravatar.com\/avatar\/61bd268b045cfeca2c0cd45d57417d536d8b6fd814b544bcebf8f2205e44a100?s=96&d=mm&r=g","contentUrl":"https:\/\/secure.gravatar.com\/avatar\/61bd268b045cfeca2c0cd45d57417d536d8b6fd814b544bcebf8f2205e44a100?s=96&d=mm&r=g","caption":"lovisa"},"url":"https:\/\/www.stjarnkliniken.com\/b2b\/blogg\/author\/lovisa\/"}]}},"_links":{"self":[{"href":"https:\/\/www.stjarnkliniken.com\/b2b\/wp-json\/wp\/v2\/posts\/8882","targetHints":{"allow":["GET"]}}],"collection":[{"href":"https:\/\/www.stjarnkliniken.com\/b2b\/wp-json\/wp\/v2\/posts"}],"about":[{"href":"https:\/\/www.stjarnkliniken.com\/b2b\/wp-json\/wp\/v2\/types\/post"}],"author":[{"embeddable":true,"href":"https:\/\/www.stjarnkliniken.com\/b2b\/wp-json\/wp\/v2\/users\/2"}],"replies":[{"embeddable":true,"href":"https:\/\/www.stjarnkliniken.com\/b2b\/wp-json\/wp\/v2\/comments?post=8882"}],"version-history":[{"count":3,"href":"https:\/\/www.stjarnkliniken.com\/b2b\/wp-json\/wp\/v2\/posts\/8882\/revisions"}],"predecessor-version":[{"id":9177,"href":"https:\/\/www.stjarnkliniken.com\/b2b\/wp-json\/wp\/v2\/posts\/8882\/revisions\/9177"}],"wp:featuredmedia":[{"embeddable":true,"href":"https:\/\/www.stjarnkliniken.com\/b2b\/wp-json\/wp\/v2\/media\/8885"}],"wp:attachment":[{"href":"https:\/\/www.stjarnkliniken.com\/b2b\/wp-json\/wp\/v2\/media?parent=8882"}],"wp:term":[{"taxonomy":"category","embeddable":true,"href":"https:\/\/www.stjarnkliniken.com\/b2b\/wp-json\/wp\/v2\/categories?post=8882"},{"taxonomy":"post_tag","embeddable":true,"href":"https:\/\/www.stjarnkliniken.com\/b2b\/wp-json\/wp\/v2\/tags?post=8882"}],"curies":[{"name":"wp","href":"https:\/\/api.w.org\/{rel}","templated":true}]}}